{"id":89127,"date":"2021-03-14T20:57:21","date_gmt":"2021-03-14T23:57:21","guid":{"rendered":"https:\/\/eldiariodesanpedro.com.ar\/sitio\/?p=89127"},"modified":"2021-03-14T20:57:25","modified_gmt":"2021-03-14T23:57:25","slug":"denuncia-por-agresiones-y-amenazas","status":"publish","type":"post","link":"https:\/\/eldiariodesanpedro.com.ar\/sitio\/denuncia-por-agresiones-y-amenazas\/","title":{"rendered":"Denuncia por agresiones y amenazas"},"content":{"rendered":"<!-- VideographyWP Plugin Message: Automatic video embedding prevented by plugin options. -->\n\n<p>Este viernes se recibi\u00f3 la denuncia masculino 36 a\u00f1os, que el mismo d\u00eda&nbsp; 23.00 horas su hijo se dirige hacia comercio cercano a la vivienda dentro del radio urbano de la ciudad, es abordado por masculino, con quien poseen conflicto vieja data y lo amenazas y agrede f\u00edsicamente.&nbsp;<\/p>\n\n\n\n<p>La v\u00edctima recibi\u00f3 lesiones de car\u00e1cter leves.<\/p>\n","protected":false},"excerpt":{"rendered":"<p>Este viernes se recibi\u00f3 la denuncia masculino 36 a\u00f1os, que el mismo d\u00eda&nbsp; 23.00 horas su hijo se dirige hacia comercio cercano a la vivienda dentro del radio urbano de la ciudad, es abordado por masculino, con quien poseen conflicto vieja data y lo amenazas y agrede f\u00edsicamente.&nbsp; La v\u00edctima recibi\u00f3 lesiones de car\u00e1cter leves.<\/p>\n","protected":false},"author":4,"featured_media":45394,"comment_status":"open","ping_status":"closed","sticky":false,"template":"","format":"standard","meta":{"om_disable_all_campaigns":false,"_jetpack_memberships_contains_paid_content":false,"footnotes":""},"categories":[2,103],"tags":[],"class_list":["post-89127","post","type-post","status-publish","format-standard","has-post-thumbnail","hentry","category-locales","category-policiales-locales"],"aioseo_notices":[],"gutentor_comment":0,"jetpack_featured_media_url":"https:\/\/eldiariodesanpedro.com.ar\/sitio\/wp-content\/uploads\/2019\/01\/comisaria.jpg","jetpack_shortlink":"https:\/\/wp.me\/p6RhLt-nbx","jetpack_sharing_enabled":true,"_links":{"self":[{"href":"https:\/\/eldiariodesanpedro.com.ar\/sitio\/wp-json\/wp\/v2\/posts\/89127","targetHints":{"allow":["GET"]}}],"collection":[{"href":"https:\/\/eldiariodesanpedro.com.ar\/sitio\/wp-json\/wp\/v2\/posts"}],"about":[{"href":"https:\/\/eldiariodesanpedro.com.ar\/sitio\/wp-json\/wp\/v2\/types\/post"}],"author":[{"embeddable":true,"href":"https:\/\/eldiariodesanpedro.com.ar\/sitio\/wp-json\/wp\/v2\/users\/4"}],"replies":[{"embeddable":true,"href":"https:\/\/eldiariodesanpedro.com.ar\/sitio\/wp-json\/wp\/v2\/comments?post=89127"}],"version-history":[{"count":1,"href":"https:\/\/eldiariodesanpedro.com.ar\/sitio\/wp-json\/wp\/v2\/posts\/89127\/revisions"}],"predecessor-version":[{"id":89128,"href":"https:\/\/eldiariodesanpedro.com.ar\/sitio\/wp-json\/wp\/v2\/posts\/89127\/revisions\/89128"}],"wp:featuredmedia":[{"embeddable":true,"href":"https:\/\/eldiariodesanpedro.com.ar\/sitio\/wp-json\/wp\/v2\/media\/45394"}],"wp:attachment":[{"href":"https:\/\/eldiariodesanpedro.com.ar\/sitio\/wp-json\/wp\/v2\/media?parent=89127"}],"wp:term":[{"taxonomy":"category","embeddable":true,"href":"https:\/\/eldiariodesanpedro.com.ar\/sitio\/wp-json\/wp\/v2\/categories?post=89127"},{"taxonomy":"post_tag","embeddable":true,"href":"https:\/\/eldiariodesanpedro.com.ar\/sitio\/wp-json\/wp\/v2\/tags?post=89127"}],"curies":[{"name":"wp","href":"https:\/\/api.w.org\/{rel}","templated":true}]}}