{"id":89125,"date":"2021-03-14T20:53:59","date_gmt":"2021-03-14T23:53:59","guid":{"rendered":"https:\/\/eldiariodesanpedro.com.ar\/sitio\/?p=89125"},"modified":"2021-03-14T20:54:01","modified_gmt":"2021-03-14T23:54:01","slug":"varios-aprehendidos-por-tenencia-de-estupefacientes-6","status":"publish","type":"post","link":"https:\/\/eldiariodesanpedro.com.ar\/sitio\/varios-aprehendidos-por-tenencia-de-estupefacientes-6\/","title":{"rendered":"Varios aprehendidos por tenencia de estupefacientes"},"content":{"rendered":"<!-- VideographyWP Plugin Message: Automatic video embedding prevented by plugin options. -->\n\n<p>Durante el d\u00eda s\u00e1bado se realizaron varias aprehensiones de personas que se encontraban en la v\u00eda p\u00fablica con estupefacientes.&nbsp;<\/p>\n\n\n\n<p>El primero en calle C. de Obligado y Casella, desde donde se traslada a masculino 26 a\u00f1os, secuestrando en su poder envoltorio con marihuana.&nbsp;<\/p>\n\n\n\n<p>Otro en calle Juan B. Justo y Uruguay, traslada a masculino 29 a\u00f1os, secuestrando en su poder envoltorio con marihuana.<\/p>\n\n\n\n<p>Y por \u00faltimo en calle Las Provincias y Saavedra, traslada a masculino 29 a\u00f1os, secuestrando en su poder envoltorio con marihuana.<\/p>\n\n\n\n<p>Cada uno de ellos fueron aprehendidos y trasladados hasta la comisar\u00eda que tras informar a la fiscal\u00eda de turno recuperaron su libertad.<\/p>\n","protected":false},"excerpt":{"rendered":"<p>Durante el d\u00eda s\u00e1bado se realizaron varias aprehensiones de personas que se encontraban en la v\u00eda p\u00fablica con estupefacientes.&nbsp; El primero en calle C. de Obligado y Casella, desde donde se traslada a masculino 26 a\u00f1os, secuestrando en su poder envoltorio con marihuana.&nbsp; Otro en calle Juan B. Justo y Uruguay, traslada a masculino 29 [&hellip;]<\/p>\n","protected":false},"author":4,"featured_media":78774,"comment_status":"open","ping_status":"closed","sticky":false,"template":"","format":"standard","meta":{"om_disable_all_campaigns":false,"_jetpack_memberships_contains_paid_content":false,"footnotes":""},"categories":[2,103],"tags":[],"class_list":["post-89125","post","type-post","status-publish","format-standard","has-post-thumbnail","hentry","category-locales","category-policiales-locales"],"aioseo_notices":[],"gutentor_comment":0,"jetpack_featured_media_url":"https:\/\/eldiariodesanpedro.com.ar\/sitio\/wp-content\/uploads\/2020\/08\/Policia-de-noche-2014-695x510-1.jpg","jetpack_shortlink":"https:\/\/wp.me\/p6RhLt-nbv","jetpack_sharing_enabled":true,"_links":{"self":[{"href":"https:\/\/eldiariodesanpedro.com.ar\/sitio\/wp-json\/wp\/v2\/posts\/89125","targetHints":{"allow":["GET"]}}],"collection":[{"href":"https:\/\/eldiariodesanpedro.com.ar\/sitio\/wp-json\/wp\/v2\/posts"}],"about":[{"href":"https:\/\/eldiariodesanpedro.com.ar\/sitio\/wp-json\/wp\/v2\/types\/post"}],"author":[{"embeddable":true,"href":"https:\/\/eldiariodesanpedro.com.ar\/sitio\/wp-json\/wp\/v2\/users\/4"}],"replies":[{"embeddable":true,"href":"https:\/\/eldiariodesanpedro.com.ar\/sitio\/wp-json\/wp\/v2\/comments?post=89125"}],"version-history":[{"count":1,"href":"https:\/\/eldiariodesanpedro.com.ar\/sitio\/wp-json\/wp\/v2\/posts\/89125\/revisions"}],"predecessor-version":[{"id":89126,"href":"https:\/\/eldiariodesanpedro.com.ar\/sitio\/wp-json\/wp\/v2\/posts\/89125\/revisions\/89126"}],"wp:featuredmedia":[{"embeddable":true,"href":"https:\/\/eldiariodesanpedro.com.ar\/sitio\/wp-json\/wp\/v2\/media\/78774"}],"wp:attachment":[{"href":"https:\/\/eldiariodesanpedro.com.ar\/sitio\/wp-json\/wp\/v2\/media?parent=89125"}],"wp:term":[{"taxonomy":"category","embeddable":true,"href":"https:\/\/eldiariodesanpedro.com.ar\/sitio\/wp-json\/wp\/v2\/categories?post=89125"},{"taxonomy":"post_tag","embeddable":true,"href":"https:\/\/eldiariodesanpedro.com.ar\/sitio\/wp-json\/wp\/v2\/tags?post=89125"}],"curies":[{"name":"wp","href":"https:\/\/api.w.org\/{rel}","templated":true}]}}