{"id":89122,"date":"2021-03-14T20:45:06","date_gmt":"2021-03-14T23:45:06","guid":{"rendered":"https:\/\/eldiariodesanpedro.com.ar\/sitio\/?p=89122"},"modified":"2021-03-14T20:45:10","modified_gmt":"2021-03-14T23:45:10","slug":"accidente-entre-dos-motocicletas-3","status":"publish","type":"post","link":"https:\/\/eldiariodesanpedro.com.ar\/sitio\/accidente-entre-dos-motocicletas-3\/","title":{"rendered":"Accidente entre dos motocicletas"},"content":{"rendered":"<!-- VideographyWP Plugin Message: Automatic video embedding prevented by plugin options. -->\n\n<p>Este s\u00e1bado alrededor de las 11:20 hs, por motivos se tratan de establecer en la intersecci\u00f3n de las calles Sargento Cabral y Basavilbaso, colisionan motocicleta 110 cc guiada por masculino 18 a\u00f1os y otra motocicleta guiada por masculino 54 a\u00f1os, consecuencia ambos masculinos lesionados, uno de ellos trasladado al nosocomio Local por 107 en cuanto al restante se niega la atenci\u00f3n en el lugar.&nbsp;<\/p>\n\n\n\n<p>El joven recibi\u00f3 lesiones leves por lo que fue dado de alta r\u00e1pidamente.<\/p>\n","protected":false},"excerpt":{"rendered":"<p>Este s\u00e1bado alrededor de las 11:20 hs, por motivos se tratan de establecer en la intersecci\u00f3n de las calles Sargento Cabral y Basavilbaso, colisionan motocicleta 110 cc guiada por masculino 18 a\u00f1os y otra motocicleta guiada por masculino 54 a\u00f1os, consecuencia ambos masculinos lesionados, uno de ellos trasladado al nosocomio Local por 107 en cuanto [&hellip;]<\/p>\n","protected":false},"author":4,"featured_media":89123,"comment_status":"open","ping_status":"closed","sticky":false,"template":"","format":"standard","meta":{"om_disable_all_campaigns":false,"_jetpack_memberships_contains_paid_content":false,"footnotes":""},"categories":[2,103],"tags":[],"class_list":["post-89122","post","type-post","status-publish","format-standard","has-post-thumbnail","hentry","category-locales","category-policiales-locales"],"aioseo_notices":[],"gutentor_comment":0,"jetpack_featured_media_url":"https:\/\/eldiariodesanpedro.com.ar\/sitio\/wp-content\/uploads\/2021\/03\/WhatsApp-Image-2021-03-12-at-11.28.56.jpeg","jetpack_shortlink":"https:\/\/wp.me\/p6RhLt-nbs","jetpack_sharing_enabled":true,"_links":{"self":[{"href":"https:\/\/eldiariodesanpedro.com.ar\/sitio\/wp-json\/wp\/v2\/posts\/89122","targetHints":{"allow":["GET"]}}],"collection":[{"href":"https:\/\/eldiariodesanpedro.com.ar\/sitio\/wp-json\/wp\/v2\/posts"}],"about":[{"href":"https:\/\/eldiariodesanpedro.com.ar\/sitio\/wp-json\/wp\/v2\/types\/post"}],"author":[{"embeddable":true,"href":"https:\/\/eldiariodesanpedro.com.ar\/sitio\/wp-json\/wp\/v2\/users\/4"}],"replies":[{"embeddable":true,"href":"https:\/\/eldiariodesanpedro.com.ar\/sitio\/wp-json\/wp\/v2\/comments?post=89122"}],"version-history":[{"count":1,"href":"https:\/\/eldiariodesanpedro.com.ar\/sitio\/wp-json\/wp\/v2\/posts\/89122\/revisions"}],"predecessor-version":[{"id":89124,"href":"https:\/\/eldiariodesanpedro.com.ar\/sitio\/wp-json\/wp\/v2\/posts\/89122\/revisions\/89124"}],"wp:featuredmedia":[{"embeddable":true,"href":"https:\/\/eldiariodesanpedro.com.ar\/sitio\/wp-json\/wp\/v2\/media\/89123"}],"wp:attachment":[{"href":"https:\/\/eldiariodesanpedro.com.ar\/sitio\/wp-json\/wp\/v2\/media?parent=89122"}],"wp:term":[{"taxonomy":"category","embeddable":true,"href":"https:\/\/eldiariodesanpedro.com.ar\/sitio\/wp-json\/wp\/v2\/categories?post=89122"},{"taxonomy":"post_tag","embeddable":true,"href":"https:\/\/eldiariodesanpedro.com.ar\/sitio\/wp-json\/wp\/v2\/tags?post=89122"}],"curies":[{"name":"wp","href":"https:\/\/api.w.org\/{rel}","templated":true}]}}