{"id":89106,"date":"2021-03-12T20:32:41","date_gmt":"2021-03-12T23:32:41","guid":{"rendered":"https:\/\/eldiariodesanpedro.com.ar\/sitio\/?p=89106"},"modified":"2021-03-12T20:32:46","modified_gmt":"2021-03-12T23:32:46","slug":"actividades-de-la-nueva-gestion-en-la-direccion-de-comisiones-de-fomento","status":"publish","type":"post","link":"https:\/\/eldiariodesanpedro.com.ar\/sitio\/actividades-de-la-nueva-gestion-en-la-direccion-de-comisiones-de-fomento\/","title":{"rendered":"Actividades de la nueva gesti\u00f3n en la Direcci\u00f3n de Comisiones de Fomento"},"content":{"rendered":"<!-- VideographyWP Plugin Message: Automatic video embedding prevented by plugin options. -->\n\n<p>A menos de un mes de la reformulaci\u00f3n del \u00e1rea de Comisiones de Fomento dependiente de la Secretar\u00eda de Desarrollo Humano, se vienen concretando encuentros de presentaci\u00f3n con los grupos barriales que est\u00e1n funcionando dentro de las condiciones establecidas y manteniendo reuniones para la conformaci\u00f3n de nuevos grupos en comisiones de fomento ya creadas m\u00e1s la incorporaci\u00f3n de nuevos espacios.<\/p>\n\n\n\n<p>El Director de Comisiones de Fomento Adri\u00e1n De Vito comenz\u00f3 a presentarse en algunas de las comisiones con mayor participaci\u00f3n y ya se han efectuado acciones para acercar materiales o gestiones de diferente tipo con los vecinos de Los Aromos, Los Aromitos, Villa Igoillo y La Tosquera, entre otros.<\/p>\n\n\n\n<p>Adem\u00e1s se ha elaborado la documentaci\u00f3n legal pertinente para la elaboraci\u00f3n de los decretos que permitan la constituci\u00f3n de las comisiones en Villa Lolita, Barrio Hansen y San Juli\u00e1n, entre otros.<\/p>\n\n\n\n<p>Los vecinos han recibido con entusiasmo esta oportunidad de relanzar el v\u00ednculo con el gobierno municipal y la decisi\u00f3n del Intendente Salazar ha sido fortalecer este canal de comunicaci\u00f3n para tener un contacto directo con los barrios conocidos e incluso con la creaci\u00f3n de nuevas urbanizaciones que deben adoptar un nombre y que tienen las caracter\u00edsticas poblacionales como para conformar una comisi\u00f3n de fomento.<\/p>\n\n\n\n<p>Est\u00e1n encaminadas las tratativas para activar o reactivar los grupos Barrio Estrada, La Providencia, Los Naranjos, Hermano Indio, Alvear y El Amanecer.<\/p>\n\n\n\n<p>Tambi\u00e9n se planifican trabajos conjuntos con las localidades para responder a las inquietudes que por esta v\u00eda pueden ser canalizadas de una mejor manera.<\/p>\n\n\n\n<figure class=\"wp-block-image size-large\"><img decoding=\"async\" width=\"1024\" height=\"768\" data-attachment-id=\"89108\" data-permalink=\"https:\/\/eldiariodesanpedro.com.ar\/sitio\/img-20210312-wa0049\/\" data-orig-file=\"https:\/\/eldiariodesanpedro.com.ar\/sitio\/wp-content\/uploads\/2021\/03\/IMG-20210312-WA0049.jpg\" data-orig-size=\"1280,960\" data-comments-opened=\"1\" data-image-meta=\"{&quot;aperture&quot;:&quot;0&quot;,&quot;credit&quot;:&quot;&quot;,&quot;camera&quot;:&quot;&quot;,&quot;caption&quot;:&quot;&quot;,&quot;created_timestamp&quot;:&quot;0&quot;,&quot;copyright&quot;:&quot;&quot;,&quot;focal_length&quot;:&quot;0&quot;,&quot;iso&quot;:&quot;0&quot;,&quot;shutter_speed&quot;:&quot;0&quot;,&quot;title&quot;:&quot;&quot;,&quot;orientation&quot;:&quot;0&quot;}\" data-image-title=\"IMG-20210312-WA0049\" data-image-description=\"\" data-image-caption=\"\" data-large-file=\"https:\/\/eldiariodesanpedro.com.ar\/sitio\/wp-content\/uploads\/2021\/03\/IMG-20210312-WA0049-1024x768.jpg\" data-src=\"https:\/\/eldiariodesanpedro.com.ar\/sitio\/wp-content\/uploads\/2021\/03\/IMG-20210312-WA0049-1024x768.jpg\" alt=\"\" class=\"wp-image-89108 lazyload\" data-srcset=\"https:\/\/eldiariodesanpedro.com.ar\/sitio\/wp-content\/uploads\/2021\/03\/IMG-20210312-WA0049-1024x768.jpg 1024w, https:\/\/eldiariodesanpedro.com.ar\/sitio\/wp-content\/uploads\/2021\/03\/IMG-20210312-WA0049-300x225.jpg 300w, https:\/\/eldiariodesanpedro.com.ar\/sitio\/wp-content\/uploads\/2021\/03\/IMG-20210312-WA0049-768x576.jpg 768w, https:\/\/eldiariodesanpedro.com.ar\/sitio\/wp-content\/uploads\/2021\/03\/IMG-20210312-WA0049-500x375.jpg 500w, https:\/\/eldiariodesanpedro.com.ar\/sitio\/wp-content\/uploads\/2021\/03\/IMG-20210312-WA0049.jpg 1280w\" data-sizes=\"(max-width: 1024px) 100vw, 1024px\" src=\"data:image\/svg+xml;base64,PHN2ZyB3aWR0aD0iMSIgaGVpZ2h0PSIxIiB4bWxucz0iaHR0cDovL3d3dy53My5vcmcvMjAwMC9zdmciPjwvc3ZnPg==\" style=\"--smush-placeholder-width: 1024px; --smush-placeholder-aspect-ratio: 1024\/768;\" \/><\/figure>\n","protected":false},"excerpt":{"rendered":"<p>A menos de un mes de la reformulaci\u00f3n del \u00e1rea de Comisiones de Fomento dependiente de la Secretar\u00eda de Desarrollo Humano, se vienen concretando encuentros de presentaci\u00f3n con los grupos barriales que est\u00e1n funcionando dentro de las condiciones establecidas y manteniendo reuniones para la conformaci\u00f3n de nuevos grupos en comisiones de fomento ya creadas m\u00e1s [&hellip;]<\/p>\n","protected":false},"author":4,"featured_media":89107,"comment_status":"open","ping_status":"closed","sticky":false,"template":"","format":"standard","meta":{"om_disable_all_campaigns":false,"_jetpack_memberships_contains_paid_content":false,"footnotes":""},"categories":[2],"tags":[],"class_list":["post-89106","post","type-post","status-publish","format-standard","has-post-thumbnail","hentry","category-locales"],"aioseo_notices":[],"gutentor_comment":0,"jetpack_featured_media_url":"https:\/\/eldiariodesanpedro.com.ar\/sitio\/wp-content\/uploads\/2021\/03\/IMG-20210312-WA0050.jpg","jetpack_shortlink":"https:\/\/wp.me\/p6RhLt-nbc","jetpack_sharing_enabled":true,"_links":{"self":[{"href":"https:\/\/eldiariodesanpedro.com.ar\/sitio\/wp-json\/wp\/v2\/posts\/89106","targetHints":{"allow":["GET"]}}],"collection":[{"href":"https:\/\/eldiariodesanpedro.com.ar\/sitio\/wp-json\/wp\/v2\/posts"}],"about":[{"href":"https:\/\/eldiariodesanpedro.com.ar\/sitio\/wp-json\/wp\/v2\/types\/post"}],"author":[{"embeddable":true,"href":"https:\/\/eldiariodesanpedro.com.ar\/sitio\/wp-json\/wp\/v2\/users\/4"}],"replies":[{"embeddable":true,"href":"https:\/\/eldiariodesanpedro.com.ar\/sitio\/wp-json\/wp\/v2\/comments?post=89106"}],"version-history":[{"count":1,"href":"https:\/\/eldiariodesanpedro.com.ar\/sitio\/wp-json\/wp\/v2\/posts\/89106\/revisions"}],"predecessor-version":[{"id":89109,"href":"https:\/\/eldiariodesanpedro.com.ar\/sitio\/wp-json\/wp\/v2\/posts\/89106\/revisions\/89109"}],"wp:featuredmedia":[{"embeddable":true,"href":"https:\/\/eldiariodesanpedro.com.ar\/sitio\/wp-json\/wp\/v2\/media\/89107"}],"wp:attachment":[{"href":"https:\/\/eldiariodesanpedro.com.ar\/sitio\/wp-json\/wp\/v2\/media?parent=89106"}],"wp:term":[{"taxonomy":"category","embeddable":true,"href":"https:\/\/eldiariodesanpedro.com.ar\/sitio\/wp-json\/wp\/v2\/categories?post=89106"},{"taxonomy":"post_tag","embeddable":true,"href":"https:\/\/eldiariodesanpedro.com.ar\/sitio\/wp-json\/wp\/v2\/tags?post=89106"}],"curies":[{"name":"wp","href":"https:\/\/api.w.org\/{rel}","templated":true}]}}