{"id":89096,"date":"2021-03-12T18:02:48","date_gmt":"2021-03-12T21:02:48","guid":{"rendered":"https:\/\/eldiariodesanpedro.com.ar\/sitio\/?p=89096"},"modified":"2021-03-12T18:02:59","modified_gmt":"2021-03-12T21:02:59","slug":"apertura-oficial-del-primer-centro-de-salud-intercultural-de-san-pedro","status":"publish","type":"post","link":"https:\/\/eldiariodesanpedro.com.ar\/sitio\/apertura-oficial-del-primer-centro-de-salud-intercultural-de-san-pedro\/","title":{"rendered":"Apertura oficial del primer Centro de Salud Intercultural de San Pedro"},"content":{"rendered":"<!-- VideographyWP Plugin Message: Automatic video embedding prevented by plugin options. -->\n\n<p>Esta ma\u00f1ana volvi\u00f3 a abrir sus puertas en Manuel Iglesias 1515, el primer centro de salud intercultural de la Rep\u00fablica Argentina, una iniciativa de la comunidad Lma Iacia Qom de San Pedro con apoyo del municipio, la provincia y el INAI, en la que la medicina occidental y la medicina tradicional ind\u00edgena se complementan para trabajar con un objetivo com\u00fan: la salud de la gente.<\/p>\n\n\n\n<p>El consultorio intercultural, que ven\u00eda brindando atenci\u00f3n a integrantes de la comunidad de pueblos originarios y a todos los vecinos de la amplia zona de influencia que comprende, fue una iniciativa de la Cacique Nala Romero y lleva el nombre \u201cDalagaic Piogonac\u201d, (\u00abnueva forma de curar\u00bb en idioma qom).<\/p>\n\n\n\n<p>Luego del cierre obligado por la Pandemia y mientras se realizaban refacciones, en noviembre pasado fue respaldado por la promulgaci\u00f3n de la ordenanza 6456\/2020, aprobada por el Honorable Concejo Deliberante de San Pedro.<\/p>\n\n\n\n<p>Esta ma\u00f1ana se reabri\u00f3 de manera oficial con un acto que cont\u00f3 con la presencia del Secretario de Coordinaci\u00f3n Ram\u00f3n Salazar, el Secretario de Salud Daniel Creus junto a profesionales del equipo m\u00e9dico de las diferentes especialidades.<\/p>\n\n\n\n<p>Tras d\u00e9cadas sin una inauguraci\u00f3n de este tipo, todos compartieron hoy la emoci\u00f3n de este acontecimiento con la participaci\u00f3n adem\u00e1s de autoridades de la ciudad de Baradero y funcionarios provinciales de la comunidad ind\u00edgena que tambi\u00e9n celebraron este hecho trascendente.<\/p>\n\n\n\n<p>La incorporaci\u00f3n del Centro de Salud \u201cDalagaic Piogonac\u201d al diagrama sanitario de San Pedro mediante esta ordenanza ha permitido tambi\u00e9n que sea incluido dentro de la red de la Regi\u00f3n Sanitaria y del Ministerio de Salud, lo que implica que sea considerado en los coeficientes de coparticipaci\u00f3n que son asignados a este tema.<\/p>\n\n\n\n<p>En el Centro brindan servicios m\u00e9dicos tradicionales de cl\u00ednica m\u00e9dica, pediatr\u00eda y ginecolog\u00eda entre otras especialidades, adem\u00e1s de contar con enfermeras y personal auxiliar para responder las demandas.<\/p>\n\n\n\n<p>Desde la Secretar\u00eda de Salud se ha destacado que durante el 2021 se pretende darle una mayor presencia a los Centros de Salud en general y en este caso en particular se suma a la perspectiva de los profesionales del equipo municipal, la tarea que la Cacique Nala Romero aporta con los saberes de la medicina ind\u00edgena.<\/p>\n\n\n\n<p>Para solicitar turnos pueden comunicarse de lunes a viernes de 12 a 20 al 4-26-832.<\/p>\n","protected":false},"excerpt":{"rendered":"<p>Esta ma\u00f1ana volvi\u00f3 a abrir sus puertas en Manuel Iglesias 1515, el primer centro de salud intercultural de la Rep\u00fablica Argentina, una iniciativa de la comunidad Lma Iacia Qom de San Pedro con apoyo del municipio, la provincia y el INAI, en la que la medicina occidental y la medicina tradicional ind\u00edgena se complementan para [&hellip;]<\/p>\n","protected":false},"author":4,"featured_media":89097,"comment_status":"open","ping_status":"closed","sticky":false,"template":"","format":"standard","meta":{"om_disable_all_campaigns":false,"_jetpack_memberships_contains_paid_content":false,"footnotes":""},"categories":[50,101,2],"tags":[],"class_list":["post-89096","post","type-post","status-publish","format-standard","has-post-thumbnail","hentry","category-destacadas","category-interes-general-locales","category-locales"],"aioseo_notices":[],"gutentor_comment":0,"jetpack_featured_media_url":"https:\/\/eldiariodesanpedro.com.ar\/sitio\/wp-content\/uploads\/2021\/03\/WhatsApp-Image-2021-03-12-at-17.59.48.jpeg","jetpack_shortlink":"https:\/\/wp.me\/p6RhLt-nb2","jetpack_sharing_enabled":true,"_links":{"self":[{"href":"https:\/\/eldiariodesanpedro.com.ar\/sitio\/wp-json\/wp\/v2\/posts\/89096","targetHints":{"allow":["GET"]}}],"collection":[{"href":"https:\/\/eldiariodesanpedro.com.ar\/sitio\/wp-json\/wp\/v2\/posts"}],"about":[{"href":"https:\/\/eldiariodesanpedro.com.ar\/sitio\/wp-json\/wp\/v2\/types\/post"}],"author":[{"embeddable":true,"href":"https:\/\/eldiariodesanpedro.com.ar\/sitio\/wp-json\/wp\/v2\/users\/4"}],"replies":[{"embeddable":true,"href":"https:\/\/eldiariodesanpedro.com.ar\/sitio\/wp-json\/wp\/v2\/comments?post=89096"}],"version-history":[{"count":1,"href":"https:\/\/eldiariodesanpedro.com.ar\/sitio\/wp-json\/wp\/v2\/posts\/89096\/revisions"}],"predecessor-version":[{"id":89098,"href":"https:\/\/eldiariodesanpedro.com.ar\/sitio\/wp-json\/wp\/v2\/posts\/89096\/revisions\/89098"}],"wp:featuredmedia":[{"embeddable":true,"href":"https:\/\/eldiariodesanpedro.com.ar\/sitio\/wp-json\/wp\/v2\/media\/89097"}],"wp:attachment":[{"href":"https:\/\/eldiariodesanpedro.com.ar\/sitio\/wp-json\/wp\/v2\/media?parent=89096"}],"wp:term":[{"taxonomy":"category","embeddable":true,"href":"https:\/\/eldiariodesanpedro.com.ar\/sitio\/wp-json\/wp\/v2\/categories?post=89096"},{"taxonomy":"post_tag","embeddable":true,"href":"https:\/\/eldiariodesanpedro.com.ar\/sitio\/wp-json\/wp\/v2\/tags?post=89096"}],"curies":[{"name":"wp","href":"https:\/\/api.w.org\/{rel}","templated":true}]}}