{"id":89086,"date":"2021-03-12T12:21:54","date_gmt":"2021-03-12T15:21:54","guid":{"rendered":"https:\/\/eldiariodesanpedro.com.ar\/sitio\/?p=89086"},"modified":"2021-03-12T12:21:59","modified_gmt":"2021-03-12T15:21:59","slug":"baradero-el-municipio-releva-los-focos-de-incendio-en-la-zona-de-isla-para-realizar-las-acciones-correspondientes","status":"publish","type":"post","link":"https:\/\/eldiariodesanpedro.com.ar\/sitio\/baradero-el-municipio-releva-los-focos-de-incendio-en-la-zona-de-isla-para-realizar-las-acciones-correspondientes\/","title":{"rendered":"BARADERO | El municipio releva los focos de incendio en la zona de isla para realizar las acciones correspondientes"},"content":{"rendered":"<!-- VideographyWP Plugin Message: Automatic video embedding prevented by plugin options. -->\n\n<p>El Municipio de Baradero a trav\u00e9s de la Subsecretar\u00eda de Ambiente y Espacio P\u00fablico llev\u00f3 adelante un relevamiento a\u00e9reo del incendio en la zona de isla a trav\u00e9s de im\u00e1genes satelitales. En el relevamiento se diagnostic\u00f3 aumentos en diferentes focos \u00edgneos.<\/p>\n\n\n\n<p>Durante los d\u00edas pasados, los focos de incendios se encontraban en el territorio de la provincia de Entre R\u00edos, pero el mi\u00e9rcoles por la tarde se pudieron observar en zonas del territorio de Baradero.&nbsp;A partir de esta situaci\u00f3n en forma conjunta con Prefectura y&nbsp;Bomberos Voluntarios se comenzaron los relevamientos por zona de la costa (v\u00eda acu\u00e1tica), no encontr\u00e1ndose la informaci\u00f3n necesaria y fehaciente.&nbsp;Es as\u00ed que el municipio toma la&nbsp;decisi\u00f3n de hacer el mismo procedimiento v\u00eda a\u00e9rea recabando&nbsp;&nbsp;&nbsp;informaci\u00f3n fotogr\u00e1fica y satelital.&nbsp;&nbsp;<\/p>\n\n\n\n<p>Este relevamiento tuvo dos objetivos, por un lado, poder identificar a los propietarios de las tierras para realizar la demanda legal correspondiente. Por el otro, solicitar intervenci\u00f3n en la extinci\u00f3n de los mismos al OPDS (Organismo Provincial para de Desarrollo Sostenible) y&nbsp;al Ministerio de Ambiente y Desarrollo Sostenible de la Naci\u00f3n a trav\u00e9s de&nbsp;Sistema Nacional&nbsp;del Manejo del Fuego; organismos con los que la subsecretaria mantiene constante comunicaci\u00f3n y a quienes les envi\u00f3 un informe con el relevamiento<\/p>\n","protected":false},"excerpt":{"rendered":"<p>El Municipio de Baradero a trav\u00e9s de la Subsecretar\u00eda de Ambiente y Espacio P\u00fablico llev\u00f3 adelante un relevamiento a\u00e9reo del incendio en la zona de isla a trav\u00e9s de im\u00e1genes satelitales. En el relevamiento se diagnostic\u00f3 aumentos en diferentes focos \u00edgneos. Durante los d\u00edas pasados, los focos de incendios se encontraban en el territorio de [&hellip;]<\/p>\n","protected":false},"author":4,"featured_media":79986,"comment_status":"open","ping_status":"closed","sticky":false,"template":"","format":"standard","meta":{"om_disable_all_campaigns":false,"_jetpack_memberships_contains_paid_content":false,"footnotes":""},"categories":[621],"tags":[],"class_list":["post-89086","post","type-post","status-publish","format-standard","has-post-thumbnail","hentry","category-regionales"],"aioseo_notices":[],"gutentor_comment":0,"jetpack_featured_media_url":"https:\/\/eldiariodesanpedro.com.ar\/sitio\/wp-content\/uploads\/2020\/08\/no_lu5vrw3c5vt2pvk20200825_181511_0000.png","jetpack_shortlink":"https:\/\/wp.me\/p6RhLt-naS","jetpack_sharing_enabled":true,"_links":{"self":[{"href":"https:\/\/eldiariodesanpedro.com.ar\/sitio\/wp-json\/wp\/v2\/posts\/89086","targetHints":{"allow":["GET"]}}],"collection":[{"href":"https:\/\/eldiariodesanpedro.com.ar\/sitio\/wp-json\/wp\/v2\/posts"}],"about":[{"href":"https:\/\/eldiariodesanpedro.com.ar\/sitio\/wp-json\/wp\/v2\/types\/post"}],"author":[{"embeddable":true,"href":"https:\/\/eldiariodesanpedro.com.ar\/sitio\/wp-json\/wp\/v2\/users\/4"}],"replies":[{"embeddable":true,"href":"https:\/\/eldiariodesanpedro.com.ar\/sitio\/wp-json\/wp\/v2\/comments?post=89086"}],"version-history":[{"count":1,"href":"https:\/\/eldiariodesanpedro.com.ar\/sitio\/wp-json\/wp\/v2\/posts\/89086\/revisions"}],"predecessor-version":[{"id":89087,"href":"https:\/\/eldiariodesanpedro.com.ar\/sitio\/wp-json\/wp\/v2\/posts\/89086\/revisions\/89087"}],"wp:featuredmedia":[{"embeddable":true,"href":"https:\/\/eldiariodesanpedro.com.ar\/sitio\/wp-json\/wp\/v2\/media\/79986"}],"wp:attachment":[{"href":"https:\/\/eldiariodesanpedro.com.ar\/sitio\/wp-json\/wp\/v2\/media?parent=89086"}],"wp:term":[{"taxonomy":"category","embeddable":true,"href":"https:\/\/eldiariodesanpedro.com.ar\/sitio\/wp-json\/wp\/v2\/categories?post=89086"},{"taxonomy":"post_tag","embeddable":true,"href":"https:\/\/eldiariodesanpedro.com.ar\/sitio\/wp-json\/wp\/v2\/tags?post=89086"}],"curies":[{"name":"wp","href":"https:\/\/api.w.org\/{rel}","templated":true}]}}