{"id":89083,"date":"2021-03-12T12:05:53","date_gmt":"2021-03-12T15:05:53","guid":{"rendered":"https:\/\/eldiariodesanpedro.com.ar\/sitio\/?p=89083"},"modified":"2021-03-12T12:06:00","modified_gmt":"2021-03-12T15:06:00","slug":"comercios-y-supermercadistas-podran-adherirse-al-programa-compra-mas-cerca","status":"publish","type":"post","link":"https:\/\/eldiariodesanpedro.com.ar\/sitio\/comercios-y-supermercadistas-podran-adherirse-al-programa-compra-mas-cerca\/","title":{"rendered":"Comercios y supermercadistas podr\u00e1n adherirse al Programa \u201cCompra M\u00e1s cerca\u201d"},"content":{"rendered":"<!-- VideographyWP Plugin Message: Automatic video embedding prevented by plugin options. -->\n\n<p>En el d\u00eda de la fecha, representantes del Centro de Comercio, Industria y Turismo se reunieron con el nuevo secretario de Desarrollo Econ\u00f3mico de la Municipalidad de San Pedro, Alfredo Carrasco, para&nbsp;interiorizarse sobre el lanzamiento y la implementaci\u00f3n del programa<strong>&nbsp;\u201cCompr\u00e1 M\u00e1s Cerca\u201d.<\/strong><\/p>\n\n\n\n<p>Este programa impulsa la comercializaci\u00f3n de 23 productos gen\u00e9ricos que estar\u00e1n a disposici\u00f3n en mayoristas y distribuidores, y en los comercios minoristas que aplicar\u00e1n su porcentaje de rentabilidad al ser trasladistas de precios.<\/p>\n\n\n\n<p>Si bien el programa fue lanzado en la localidad de Malvinas Argentinas, se aplicar\u00e1 en los 135 municipios bonaerenses y constituye en una herramienta m\u00e1s, que viene a complementar Precios Cuidados, con el objetivo de desanimar pr\u00e1cticas especulativas y cuidar los precios en los comercios de cercan\u00eda.<\/p>\n\n\n\n<p>Roberto Seregni, en representaci\u00f3n del CCIT estuvo reunido previamente, con el Gerente de Maxiconsumo a fines de intercambiar informaci\u00f3n al respecto y conocer en detalle la n\u00f3mina de productos que formar\u00e1n parte de este convenio que celebr\u00f3 la Municipalidad de San Pedro recientemente.<\/p>\n\n\n\n<p>Carrasco y Seregni acordaron trabajar en conjunto para que comercios y supermercadistas de San Pedro y localidades del partido, que deseen adherirse puedan recibir informaci\u00f3n desde ambas entidades y de esta manera puedan sumarse a este programa.<\/p>\n\n\n\n<p>Este proyecto tambi\u00e9n tendr\u00e1 como objetivo incluir a las pymes de toda la provincia que podr\u00e1n sumarse y participar con sus productos.<\/p>\n","protected":false},"excerpt":{"rendered":"<p>En el d\u00eda de la fecha, representantes del Centro de Comercio, Industria y Turismo se reunieron con el nuevo secretario de Desarrollo Econ\u00f3mico de la Municipalidad de San Pedro, Alfredo Carrasco, para&nbsp;interiorizarse sobre el lanzamiento y la implementaci\u00f3n del programa&nbsp;\u201cCompr\u00e1 M\u00e1s Cerca\u201d. Este programa impulsa la comercializaci\u00f3n de 23 productos gen\u00e9ricos que estar\u00e1n a disposici\u00f3n [&hellip;]<\/p>\n","protected":false},"author":4,"featured_media":89084,"comment_status":"open","ping_status":"closed","sticky":false,"template":"","format":"standard","meta":{"om_disable_all_campaigns":false,"_jetpack_memberships_contains_paid_content":false,"footnotes":""},"categories":[101,2],"tags":[],"class_list":["post-89083","post","type-post","status-publish","format-standard","has-post-thumbnail","hentry","category-interes-general-locales","category-locales"],"aioseo_notices":[],"gutentor_comment":0,"jetpack_featured_media_url":"https:\/\/eldiariodesanpedro.com.ar\/sitio\/wp-content\/uploads\/2021\/03\/21-02-FOTO-Compra-Mas-Cerca-2-1.jpg","jetpack_shortlink":"https:\/\/wp.me\/p6RhLt-naP","jetpack_sharing_enabled":true,"_links":{"self":[{"href":"https:\/\/eldiariodesanpedro.com.ar\/sitio\/wp-json\/wp\/v2\/posts\/89083","targetHints":{"allow":["GET"]}}],"collection":[{"href":"https:\/\/eldiariodesanpedro.com.ar\/sitio\/wp-json\/wp\/v2\/posts"}],"about":[{"href":"https:\/\/eldiariodesanpedro.com.ar\/sitio\/wp-json\/wp\/v2\/types\/post"}],"author":[{"embeddable":true,"href":"https:\/\/eldiariodesanpedro.com.ar\/sitio\/wp-json\/wp\/v2\/users\/4"}],"replies":[{"embeddable":true,"href":"https:\/\/eldiariodesanpedro.com.ar\/sitio\/wp-json\/wp\/v2\/comments?post=89083"}],"version-history":[{"count":1,"href":"https:\/\/eldiariodesanpedro.com.ar\/sitio\/wp-json\/wp\/v2\/posts\/89083\/revisions"}],"predecessor-version":[{"id":89085,"href":"https:\/\/eldiariodesanpedro.com.ar\/sitio\/wp-json\/wp\/v2\/posts\/89083\/revisions\/89085"}],"wp:featuredmedia":[{"embeddable":true,"href":"https:\/\/eldiariodesanpedro.com.ar\/sitio\/wp-json\/wp\/v2\/media\/89084"}],"wp:attachment":[{"href":"https:\/\/eldiariodesanpedro.com.ar\/sitio\/wp-json\/wp\/v2\/media?parent=89083"}],"wp:term":[{"taxonomy":"category","embeddable":true,"href":"https:\/\/eldiariodesanpedro.com.ar\/sitio\/wp-json\/wp\/v2\/categories?post=89083"},{"taxonomy":"post_tag","embeddable":true,"href":"https:\/\/eldiariodesanpedro.com.ar\/sitio\/wp-json\/wp\/v2\/tags?post=89083"}],"curies":[{"name":"wp","href":"https:\/\/api.w.org\/{rel}","templated":true}]}}