{"id":89080,"date":"2021-03-12T11:53:06","date_gmt":"2021-03-12T14:53:06","guid":{"rendered":"https:\/\/eldiariodesanpedro.com.ar\/sitio\/?p=89080"},"modified":"2021-03-12T11:53:10","modified_gmt":"2021-03-12T14:53:10","slug":"cuatro-nuevos-planes-de-anses-que-daran-hasta-17-600-por-mes-como-inscribirse","status":"publish","type":"post","link":"https:\/\/eldiariodesanpedro.com.ar\/sitio\/cuatro-nuevos-planes-de-anses-que-daran-hasta-17-600-por-mes-como-inscribirse\/","title":{"rendered":"Cuatro nuevos planes de ANSES que dar\u00e1n hasta $17.600 por mes: c\u00f3mo inscribirse"},"content":{"rendered":"<!-- VideographyWP Plugin Message: Automatic video embedding prevented by plugin options. -->\n\n<p><strong>El gobierno nacional actualiz\u00f3 algunos de los&nbsp;planes de subsidios&nbsp;a poblaciones vulnerables que se vienen otorgando desde hace tiempo y lanz\u00f3&nbsp;nuevos subsidios&nbsp;orientados a j\u00f3venes y proyectos sociales.&nbsp;<\/strong><\/p>\n\n\n\n<p>El&nbsp;Ingreso&nbsp;Familiar de Emergencia (IFE) y el programa de Asistencia a la Producci\u00f3n y el Trabajo (ATP) brindados durante la \u00e9poca del aislamiento social, preventivo y obligatorio (ASPO), pusieron de manifiesto la necesidad de apoyar a los j\u00f3venes para que completen sus estudios o se inserten en el mercado laboral, a las madres y familias con ni\u00f1os peque\u00f1os y a los proyectos de la econom\u00eda popular.<\/p>\n\n\n\n<p>A eso apuntan estos cuatro beneficios:&nbsp;la&nbsp;Tarjeta Alimentar, las becas Progresar y las Manuel Belgrano, el Plan Potenciar Inclusi\u00f3n Joven y la Ayuda Escolar Anual.<\/p>\n\n\n\n<p>Los detalles de cada uno,&nbsp;<strong>cu\u00e1nto pagan<\/strong>&nbsp;y qu\u00e9 necesit\u00e1s&nbsp;<strong>para inscribirte<\/strong>.<\/p>\n\n\n\n<h3 class=\"wp-block-heading\"><strong>Becas Progresar<\/strong><\/h3>\n\n\n\n<p>Este programa de asistencia para que alumnos de los distintos niveles de la&nbsp;<strong>educaci\u00f3n obligatoria o superior&nbsp;<\/strong>puedan completar su formaci\u00f3n. Otorga asistencias de&nbsp;<strong>entre 2.100 y 14.000&nbsp;pesos&nbsp;por mes.&nbsp;<\/strong>Se cobra un 80 % cada mes y, si se cumple con los objetivos acad\u00e9micos, el 20% restante se otorga a fin de a\u00f1o.<\/p>\n\n\n\n<p>Apunta a j\u00f3venes de entre 18 y 24 a\u00f1os, ha&nbsp;<strong>vuelto a abrir sus inscripciones<\/strong>&nbsp;a principios de marzo con el objetivo de<strong>&nbsp;sumar a 200.000 j\u00f3venes<\/strong>&nbsp;m\u00e1s al plan, pasando de 550.000 a 750.000 alumnos cubiertos.<\/p>\n\n\n\n<p><strong>\u00bfC\u00f3mo inscribirte a las becas Progresar?&nbsp;<\/strong>Quienes deseen acceder deber\u00e1n realizar el tr\u00e1mite mediante el sitio de la&nbsp;ANSES&nbsp;destinado a ello y podr\u00e1n hacerlo hasta el 31 de marzo si se cumplen los siguientes requisitos:<\/p>\n\n\n\n<ul class=\"wp-block-list\"><li>Estar cursando los estudios en una instituci\u00f3n reconocida por el Ministerio de Educaci\u00f3n o,<\/li><li>Estar realizando un curso de formaci\u00f3n del Ministerio de Trabajo,&nbsp;Empleo&nbsp;y Seguridad Social.<\/li><li>Ser argentino por nacimiento o naturalizado que cuente con DNI.<\/li><li>Contar con un m\u00ednimo de residencia de cinco a\u00f1os en el pa\u00eds.<\/li><li>No estar trabajando, o en caso de hacerlo, que no sea un&nbsp;empleo&nbsp;formal y genere ingresos menores a tres salarios m\u00ednimos. En caso de vivir con familia, se aplica el mismo punto anterior, con el reconocimiento de grupo familiar aut\u00f3nomo para estudiantes que cuenten con hijos.<\/li><li>Tener entre 18 y 24 a\u00f1os (en caso de nivel superior, el l\u00edmite de edad se ampl\u00eda hasta los 30 a\u00f1os).<\/li><li>Que el grupo familiar cuente con ingresos mensuales menores a tres veces el Salario M\u00ednimo Vital y M\u00f3vil, el cual ser\u00e1 de $21.600 a partir de marzo.<\/li><\/ul>\n\n\n\n<p>En la p\u00e1gina web de Mi Ans\u00e9s deb\u00e9s acceder al \u00e1rea de las Becas Progresar con tu clave de Seguridad Social creada previamente en la misma web. Descargar el formulario de inscripci\u00f3n, imprimirlo y completarlo.&nbsp;El instituto donde se est\u00e9 estudiando debe completar y firmar la secci\u00f3n 2 del formulario \u201cDatos de Educaci\u00f3n\u201d. Una vez que est\u00e9 completo, deber\u00e1s subir una copia a Mi&nbsp;Anses.<\/p>\n\n\n\n<p><strong>Becas Manuel Belgrano<\/strong><br>Este beneficio, compatible con la Asignaci\u00f3n Universal por Hijo (AUH), apunta a j\u00f3venes que estudian carreras universitarias relacionadas a los alimentos, el ambiente, la computaci\u00f3n e inform\u00e1tica, la energ\u00eda, el gas, la miner\u00eda, la movilidad, el transporte y el petr\u00f3leo.<br>Su objetivo es promover el acceso, la permanencia y la finalizaci\u00f3n de estudios de grado y pregrado en estas\u00a0<strong>ocho \u00e1reas de pol\u00edtica p\u00fablica<\/strong>\u00a0consideradas claves para el desarrollo econ\u00f3mico del pa\u00eds.<br>Por estas becas el beneficiario puede llegar a cobrar hasta<strong>\u00a017.621\u00a0pesos\u00a0por mes.<\/strong><br>La inscripci\u00f3n, abierta desde el 12 de febrero, se encontrar\u00e1 disponible hasta el 30 de abril del 2021 con el 15 de mayo como fecha de otorgaci\u00f3n de las\u00a0<strong>12.000 becas<\/strong>, las cuales se asignar\u00e1n de acuerdo a los criterios establecidos en el Reglamento General, teniendo en cuenta la equidad de g\u00e9nero y el equilibrio regional, seg\u00fan indic\u00f3 El Cronista.<br>Esta ayuda tiene una\u00a0<strong>duraci\u00f3n de 12 meses y puede renovarse<\/strong>\u00a0hasta un m\u00e1ximo de 3 a\u00f1os en las carreras de pregrado y de 5 a\u00f1os en las carreras de grado.<\/p>\n\n\n\n<p><strong>Para acceder es necesario:&nbsp;<\/strong><\/p>\n\n\n\n<ul class=\"wp-block-list\"><li>Ser argentino\/a nativo\/a o naturalizado\/a con DNI.<\/li><li>Ser estudiante regular de una universidad nacional y provincial de gesti\u00f3n p\u00fablica, ingresando en el primer semestre del a\u00f1o 2021 o cursando al momento de la inscripci\u00f3n alguna de las carreras universitarias de grado o pregrado definidas por el programa. Las carreras pueden consultarse en el siguiente link.<\/li><li>Ser estudiante ingresante de entre 18 y 30 a\u00f1os de edad o estudiante cursante de hasta 35 a\u00f1os de edad.<\/li><li>Para postulantes con alguna discapacidad o de pueblos originarios la inscripci\u00f3n es sin l\u00edmite de edad.<\/li><li>Al momento de la adjudicaci\u00f3n, los\/las postulantes deben tener ingresos del hogar menores a 3 salarios m\u00ednimos, vitales y m\u00f3viles. Si viven con sus familias, las mismas condiciones se aplican al grupo familiar (padre, madre o pareja conviviente).<\/li><\/ul>\n\n\n\n<p>La inscripci\u00f3n puede realizarse desde la\u00a0<a rel=\"noreferrer noopener\" href=\"https:\/\/www.argentina.gob.ar\/educacion\/becas\/becas-manuel-belgrano\" target=\"_blank\"><strong>p\u00e1gina web oficial<\/strong><\/a>\u00a0del gobierno nacional, en un \u00e1rea especialmente dedicada a estas becas.\u00a0La respuesta sobre la aprobaci\u00f3n o denegaci\u00f3n de la beca ser\u00e1 recibida el 15 de mayo, dos semanas despu\u00e9s del cierre de la inscripci\u00f3n.<\/p>\n\n\n\n<p><strong>Potenciar Inclusi\u00f3n Joven<\/strong><br>De qu\u00e9 se trata el plan Potenciar Inclusi\u00f3n Joven y c\u00f3mo inscribirse<br>El\u00a0<strong>Plan Potenciar Inclusi\u00f3n Joven<\/strong>\u00a0fue lanzado recientemente por el Ministerio de Desarrollo Social, en reemplazo del IFE.<br>La cartera que dirige Daniel Arroyo\u00a0otorga mediante este programa\u00a0<strong>ingresos est\u00edmulo por 8.500\u00a0pesos\u00a0por mes<\/strong>\u00a0a quienes estando dentro de ese rango de edad, cumplen determinados requisitos y\u00a0<strong>participan activamente de proyectos comunitarios<\/strong>.<br>Deben ser proyectos socio productivos, socio comunitarios y socio laborales, \u00bfDe qu\u00e9 trata cada uno?<\/p>\n\n\n\n<ul class=\"wp-block-list\"><li><strong>Socio productivos<\/strong>: emprendimientos con posibilidad de desarrollarse a partir del trabajo de sus propios miembros, en car\u00e1cter asociativo;<\/li><li><strong>Socio comunitarios:<\/strong>&nbsp;iniciativas de desarrollo territorial que pueden incluir instancias socioeducativas y de formaci\u00f3n, de recreaci\u00f3n y de acceso a los bienes culturales por parte de la comunidad sobre la que operan;<\/li><li><strong>Socio laborales<\/strong>: espacios asociativos orientados a las capacitaciones de formaci\u00f3n para el trabajo.<\/li><\/ul>\n\n\n\n<p>Se espera que en esta primera fase el plan alcance a 100.000 j\u00f3venes de entre 18 y 29 a\u00f1os alrededor del pa\u00eds, todos considerados en estado de vulnerabilidad.<\/p>\n\n\n\n<p><strong>La inscripci\u00f3n al programa debe realizarse enviando un mail<\/strong>&nbsp;a&nbsp;inclusionjoven@desarrollosocial.gob.ar, d\u00f3nde tambi\u00e9n se resolver\u00e1n dudas y consultas. Una vez seleccionados, los j\u00f3venes deber\u00e1n acercarse a alguna de las dos instituciones (Desarrollo Social o&nbsp;Anses) para continuar con el tr\u00e1mite. Tambi\u00e9n es importante que los proyectos presentados tengan perspectiva de igualdad y g\u00e9nero y se busca como objetivo la mejora del capital humano.<\/p>\n\n\n\n<p>Por su parte, si ya se es&nbsp;<strong>beneficiario de un plan social<\/strong>&nbsp;y se desea aplicar al Plan Potenciar Inclusi\u00f3n Joven, podr\u00e1n hacerlo \u00fanicamente quienes reciban los siguientes haberes:<\/p>\n\n\n\n<ul class=\"wp-block-list\"><li>Asignaci\u00f3n Universal por hija\/o (AUH),<\/li><li>Asignaci\u00f3n Universal por embarazo (AUE),<\/li><li>Becas Progresar,<\/li><li>Pensiones no contributivas por Discapacidad,<\/li><li>Tarjeta Alimentar,<\/li><li>Inscripci\u00f3n al monotributo social o monotributo aut\u00f3nomo (hasta categor\u00eda A),<\/li><li>Programa de acompa\u00f1amiento para el egreso de j\u00f3venes sin cuidados parentales (PAE),<\/li><li>Prestaci\u00f3n por desempleo,<\/li><li>Otras prestaciones que defina con posterioridad la autoridad de aplicaci\u00f3n.<\/li><\/ul>\n\n\n\n<p><strong>Bonos Cultura Solidaria<\/strong><br>El \u00faltimo programa lanzado por el organismo a cargo de Fernanda Raverta est\u00e1 destinado a\u00a0<strong>artistas y a trabajadores t\u00e9cnicos del mundo de la cultura<\/strong>. Este se pondr\u00e1 en marcha de la mano del ministerio de Cultura y su objetivo es brindar un aporte extraordinario a uno de los sectores m\u00e1s afectados por la pandemia: la cultura y el arte.Se trata de un bono de 30.000 pesos\u00a0extra a pagar en dos cuotas de 15.000\u00a0pesos\u00a0cada mes. Todav\u00eda no se ha especificado como inscribirse al plan, pero se espera ampliar el margen de beneficiarios que anteriormente recibieron las Becas Sostener Cultura II y de Fortalecer Cultura, las cuales llegaron a m\u00e1s de 22 mil y 30 mil personas respectivamente durante el a\u00f1o pasado.Este beneficio es compatible con quienes fueron beneficiarios del Ingreso\u00a0Familiar de Emergencia (IFE), el Programa de Asistencia de Emergencia al Trabajo y la Producci\u00f3n (ATP) y el actual Repro II.<\/p>\n","protected":false},"excerpt":{"rendered":"<p>El gobierno nacional actualiz\u00f3 algunos de los&nbsp;planes de subsidios&nbsp;a poblaciones vulnerables que se vienen otorgando desde hace tiempo y lanz\u00f3&nbsp;nuevos subsidios&nbsp;orientados a j\u00f3venes y proyectos sociales.&nbsp; El&nbsp;Ingreso&nbsp;Familiar de Emergencia (IFE) y el programa de Asistencia a la Producci\u00f3n y el Trabajo (ATP) brindados durante la \u00e9poca del aislamiento social, preventivo y obligatorio (ASPO), pusieron de [&hellip;]<\/p>\n","protected":false},"author":4,"featured_media":89081,"comment_status":"open","ping_status":"closed","sticky":false,"template":"","format":"standard","meta":{"om_disable_all_campaigns":false,"_jetpack_memberships_contains_paid_content":false,"footnotes":""},"categories":[101,2,621],"tags":[],"class_list":["post-89080","post","type-post","status-publish","format-standard","has-post-thumbnail","hentry","category-interes-general-locales","category-locales","category-regionales"],"aioseo_notices":[],"gutentor_comment":0,"jetpack_featured_media_url":"https:\/\/eldiariodesanpedro.com.ar\/sitio\/wp-content\/uploads\/2021\/03\/anses-1.jpg","jetpack_shortlink":"https:\/\/wp.me\/p6RhLt-naM","jetpack_sharing_enabled":true,"_links":{"self":[{"href":"https:\/\/eldiariodesanpedro.com.ar\/sitio\/wp-json\/wp\/v2\/posts\/89080","targetHints":{"allow":["GET"]}}],"collection":[{"href":"https:\/\/eldiariodesanpedro.com.ar\/sitio\/wp-json\/wp\/v2\/posts"}],"about":[{"href":"https:\/\/eldiariodesanpedro.com.ar\/sitio\/wp-json\/wp\/v2\/types\/post"}],"author":[{"embeddable":true,"href":"https:\/\/eldiariodesanpedro.com.ar\/sitio\/wp-json\/wp\/v2\/users\/4"}],"replies":[{"embeddable":true,"href":"https:\/\/eldiariodesanpedro.com.ar\/sitio\/wp-json\/wp\/v2\/comments?post=89080"}],"version-history":[{"count":1,"href":"https:\/\/eldiariodesanpedro.com.ar\/sitio\/wp-json\/wp\/v2\/posts\/89080\/revisions"}],"predecessor-version":[{"id":89082,"href":"https:\/\/eldiariodesanpedro.com.ar\/sitio\/wp-json\/wp\/v2\/posts\/89080\/revisions\/89082"}],"wp:featuredmedia":[{"embeddable":true,"href":"https:\/\/eldiariodesanpedro.com.ar\/sitio\/wp-json\/wp\/v2\/media\/89081"}],"wp:attachment":[{"href":"https:\/\/eldiariodesanpedro.com.ar\/sitio\/wp-json\/wp\/v2\/media?parent=89080"}],"wp:term":[{"taxonomy":"category","embeddable":true,"href":"https:\/\/eldiariodesanpedro.com.ar\/sitio\/wp-json\/wp\/v2\/categories?post=89080"},{"taxonomy":"post_tag","embeddable":true,"href":"https:\/\/eldiariodesanpedro.com.ar\/sitio\/wp-json\/wp\/v2\/tags?post=89080"}],"curies":[{"name":"wp","href":"https:\/\/api.w.org\/{rel}","templated":true}]}}