{"id":89078,"date":"2021-03-12T11:17:23","date_gmt":"2021-03-12T14:17:23","guid":{"rendered":"https:\/\/eldiariodesanpedro.com.ar\/sitio\/?p=89078"},"modified":"2021-03-12T11:17:30","modified_gmt":"2021-03-12T14:17:30","slug":"el-vacunatorio-se-muda-al-club-de-jubilados-de-salta-y-9-de-julio","status":"publish","type":"post","link":"https:\/\/eldiariodesanpedro.com.ar\/sitio\/el-vacunatorio-se-muda-al-club-de-jubilados-de-salta-y-9-de-julio\/","title":{"rendered":"El vacunatorio se muda al Club de Jubilados de Salta y 9 de Julio"},"content":{"rendered":"<!-- VideographyWP Plugin Message: Automatic video embedding prevented by plugin options. -->\n\n<p>La Secretar\u00eda de Salud de la Municipalidad de San Pedro y la Coordinaci\u00f3n del programa Vacunate PBA del Ministerio de Salud de la Provincia de Buenos Aires informan que desde el pr\u00f3ximo lunes, el vacunatorio para la aplicaci\u00f3n de dosis contra el Covid-19 funcionar\u00e1 en el Club de Jubilados de Salta y 9 de Julio.<\/p>\n\n\n\n<p>Este traslado ha sido informado a la Regi\u00f3n Sanitaria IV y los turnos que se asignen a partir de la pr\u00f3xima semana llegar\u00e1n con la nueva direcci\u00f3n. Adem\u00e1s el env\u00edo de las pr\u00f3ximas partidas tambi\u00e9n ser\u00e1 planificado a este espacio en el que quienes llevan adelante el operativo, trabajar\u00e1n durante los pr\u00f3ximos meses.<\/p>\n\n\n\n<p>La Municipalidad a trav\u00e9s de sus diferentes \u00e1reas ha trabajado durante las \u00faltimas semanas para optimizar las condiciones del lugar y cumplir durante el fin de semana con el traslado de todos los elementos desde el gimnasio del Club Mitre.<\/p>\n\n\n\n<p>Desde la coordinaci\u00f3n regional y local del programa se informar\u00e1 adem\u00e1s a quienes ten\u00edan turnos otorgados en el Club Mitre y no pudieron recibir su vacuna, cuando deber\u00e1n presentarse en el Club de Jubilados.<\/p>\n\n\n\n<p>La Municipalidad de San Pedro agradece al Club Mitre su predisposici\u00f3n para ceder las instalaciones durante las \u00faltimas semanas y atendiendo una situaci\u00f3n que ha evolucionado para todas las entidades deportivas, se ha resuelto este traslado, destacando tambi\u00e9n la actitud de las autoridades del Club de Jubilados para que se convierta en el centro de vacunaci\u00f3n durante los pr\u00f3ximos meses.<\/p>\n","protected":false},"excerpt":{"rendered":"<p>La Secretar\u00eda de Salud de la Municipalidad de San Pedro y la Coordinaci\u00f3n del programa Vacunate PBA del Ministerio de Salud de la Provincia de Buenos Aires informan que desde el pr\u00f3ximo lunes, el vacunatorio para la aplicaci\u00f3n de dosis contra el Covid-19 funcionar\u00e1 en el Club de Jubilados de Salta y 9 de Julio. [&hellip;]<\/p>\n","protected":false},"author":4,"featured_media":87810,"comment_status":"open","ping_status":"closed","sticky":false,"template":"","format":"standard","meta":{"om_disable_all_campaigns":false,"_jetpack_memberships_contains_paid_content":false,"footnotes":""},"categories":[50,101,2],"tags":[],"class_list":["post-89078","post","type-post","status-publish","format-standard","has-post-thumbnail","hentry","category-destacadas","category-interes-general-locales","category-locales"],"aioseo_notices":[],"gutentor_comment":0,"jetpack_featured_media_url":"https:\/\/eldiariodesanpedro.com.ar\/sitio\/wp-content\/uploads\/2021\/02\/WhatsApp-Image-2021-02-18-at-14.09.02-1.jpeg","jetpack_shortlink":"https:\/\/wp.me\/p6RhLt-naK","jetpack_sharing_enabled":true,"_links":{"self":[{"href":"https:\/\/eldiariodesanpedro.com.ar\/sitio\/wp-json\/wp\/v2\/posts\/89078","targetHints":{"allow":["GET"]}}],"collection":[{"href":"https:\/\/eldiariodesanpedro.com.ar\/sitio\/wp-json\/wp\/v2\/posts"}],"about":[{"href":"https:\/\/eldiariodesanpedro.com.ar\/sitio\/wp-json\/wp\/v2\/types\/post"}],"author":[{"embeddable":true,"href":"https:\/\/eldiariodesanpedro.com.ar\/sitio\/wp-json\/wp\/v2\/users\/4"}],"replies":[{"embeddable":true,"href":"https:\/\/eldiariodesanpedro.com.ar\/sitio\/wp-json\/wp\/v2\/comments?post=89078"}],"version-history":[{"count":1,"href":"https:\/\/eldiariodesanpedro.com.ar\/sitio\/wp-json\/wp\/v2\/posts\/89078\/revisions"}],"predecessor-version":[{"id":89079,"href":"https:\/\/eldiariodesanpedro.com.ar\/sitio\/wp-json\/wp\/v2\/posts\/89078\/revisions\/89079"}],"wp:featuredmedia":[{"embeddable":true,"href":"https:\/\/eldiariodesanpedro.com.ar\/sitio\/wp-json\/wp\/v2\/media\/87810"}],"wp:attachment":[{"href":"https:\/\/eldiariodesanpedro.com.ar\/sitio\/wp-json\/wp\/v2\/media?parent=89078"}],"wp:term":[{"taxonomy":"category","embeddable":true,"href":"https:\/\/eldiariodesanpedro.com.ar\/sitio\/wp-json\/wp\/v2\/categories?post=89078"},{"taxonomy":"post_tag","embeddable":true,"href":"https:\/\/eldiariodesanpedro.com.ar\/sitio\/wp-json\/wp\/v2\/tags?post=89078"}],"curies":[{"name":"wp","href":"https:\/\/api.w.org\/{rel}","templated":true}]}}