{"id":89073,"date":"2021-03-12T10:40:54","date_gmt":"2021-03-12T13:40:54","guid":{"rendered":"https:\/\/eldiariodesanpedro.com.ar\/sitio\/?p=89073"},"modified":"2021-03-12T10:41:01","modified_gmt":"2021-03-12T13:41:01","slug":"ramallo-mas-de-cien-perros-rescatados-del-basural-municipal","status":"publish","type":"post","link":"https:\/\/eldiariodesanpedro.com.ar\/sitio\/ramallo-mas-de-cien-perros-rescatados-del-basural-municipal\/","title":{"rendered":"RAMALLO | M\u00e1s de cien perros rescatados del basural municipal"},"content":{"rendered":"<!-- VideographyWP Plugin Message: Automatic video embedding prevented by plugin options. -->\n\n<p>La ONG Animales Ramallo inform\u00f3 que en los \u00faltimos d\u00edas logr\u00f3 rescatar 107 perros del Basural Municipal.<\/p>\n\n\n\n<p>\u201cCon ayuda de varias asociaciones logramos sacar un total de 107 perros del basural de Ramallo. Pero todav\u00eda quedan m\u00e1s de 20 en el lugar. Vamos casi todas las semanas a verlos y tambi\u00e9n estamos al llamado por si pasa algo con algunos de ellos. Hoy pudimos llevarles una bolsa de 20 kilos y tambi\u00e9n un curabichera para que les puedan poner ya que se lastiman todo el tiempo\u201d, expresaron desde la instituci\u00f3n.<\/p>\n\n\n\n<p>Adem\u00e1s, indicaron que \u201cla idea es poder alcanzarles una o dos bolsas por semana para que los chicos que trabajan ah\u00ed les puedan dar. No tienen una vida digna en ese lugar, en este momento por ejemplo el basural se est\u00e1 prendiendo fuego. Pero entre todos podemos evitar que pasen hambre y sed\u201d.<\/p>\n\n\n\n<p>Fuente: <a href=\"http:\/\/www.ramallociudad.com.ar\/nota.asp?id=162355&amp;t=Mas-de-cien-perros-rescatados-del-basural-municipal\">Ramallo Ciudad<\/a><\/p>\n","protected":false},"excerpt":{"rendered":"<p>La ONG Animales Ramallo inform\u00f3 que en los \u00faltimos d\u00edas logr\u00f3 rescatar 107 perros del Basural Municipal. \u201cCon ayuda de varias asociaciones logramos sacar un total de 107 perros del basural de Ramallo. Pero todav\u00eda quedan m\u00e1s de 20 en el lugar. Vamos casi todas las semanas a verlos y tambi\u00e9n estamos al llamado por [&hellip;]<\/p>\n","protected":false},"author":4,"featured_media":89074,"comment_status":"open","ping_status":"closed","sticky":false,"template":"","format":"standard","meta":{"om_disable_all_campaigns":false,"_jetpack_memberships_contains_paid_content":false,"footnotes":""},"categories":[621],"tags":[],"class_list":["post-89073","post","type-post","status-publish","format-standard","has-post-thumbnail","hentry","category-regionales"],"aioseo_notices":[],"gutentor_comment":0,"jetpack_featured_media_url":"https:\/\/eldiariodesanpedro.com.ar\/sitio\/wp-content\/uploads\/2021\/03\/bbx_239167205_1_perros_basural.jpg","jetpack_shortlink":"https:\/\/wp.me\/p6RhLt-naF","jetpack_sharing_enabled":true,"_links":{"self":[{"href":"https:\/\/eldiariodesanpedro.com.ar\/sitio\/wp-json\/wp\/v2\/posts\/89073","targetHints":{"allow":["GET"]}}],"collection":[{"href":"https:\/\/eldiariodesanpedro.com.ar\/sitio\/wp-json\/wp\/v2\/posts"}],"about":[{"href":"https:\/\/eldiariodesanpedro.com.ar\/sitio\/wp-json\/wp\/v2\/types\/post"}],"author":[{"embeddable":true,"href":"https:\/\/eldiariodesanpedro.com.ar\/sitio\/wp-json\/wp\/v2\/users\/4"}],"replies":[{"embeddable":true,"href":"https:\/\/eldiariodesanpedro.com.ar\/sitio\/wp-json\/wp\/v2\/comments?post=89073"}],"version-history":[{"count":1,"href":"https:\/\/eldiariodesanpedro.com.ar\/sitio\/wp-json\/wp\/v2\/posts\/89073\/revisions"}],"predecessor-version":[{"id":89075,"href":"https:\/\/eldiariodesanpedro.com.ar\/sitio\/wp-json\/wp\/v2\/posts\/89073\/revisions\/89075"}],"wp:featuredmedia":[{"embeddable":true,"href":"https:\/\/eldiariodesanpedro.com.ar\/sitio\/wp-json\/wp\/v2\/media\/89074"}],"wp:attachment":[{"href":"https:\/\/eldiariodesanpedro.com.ar\/sitio\/wp-json\/wp\/v2\/media?parent=89073"}],"wp:term":[{"taxonomy":"category","embeddable":true,"href":"https:\/\/eldiariodesanpedro.com.ar\/sitio\/wp-json\/wp\/v2\/categories?post=89073"},{"taxonomy":"post_tag","embeddable":true,"href":"https:\/\/eldiariodesanpedro.com.ar\/sitio\/wp-json\/wp\/v2\/tags?post=89073"}],"curies":[{"name":"wp","href":"https:\/\/api.w.org\/{rel}","templated":true}]}}