{"id":89070,"date":"2021-03-12T10:32:21","date_gmt":"2021-03-12T13:32:21","guid":{"rendered":"https:\/\/eldiariodesanpedro.com.ar\/sitio\/?p=89070"},"modified":"2021-03-12T10:32:21","modified_gmt":"2021-03-12T13:32:21","slug":"aseguran-que-la-vida-del-ex-fiscal-serjal-corre-peligro-por-el-deterioro-de-su-salud-mental","status":"publish","type":"post","link":"https:\/\/eldiariodesanpedro.com.ar\/sitio\/aseguran-que-la-vida-del-ex-fiscal-serjal-corre-peligro-por-el-deterioro-de-su-salud-mental\/","title":{"rendered":"Aseguran que la vida del ex fiscal Serjal \u00abcorre peligro\u00bb por el deterioro de su salud mental"},"content":{"rendered":"<!-- VideographyWP Plugin Message: Automatic video embedding prevented by plugin options. -->\n\n<p>Est\u00e1 detenido y padece un cuadro psiqui\u00e1trico que fue lo que motiv\u00f3 el pedido de morigeraci\u00f3n de la prisi\u00f3n domiciliaria el pasado 25 de febrero.<\/p>\n\n\n\n<p>Tras haber obtenido el beneficio de la prisi\u00f3n preventiva domiciliaria, el abogado defensor del exfiscal regional\u00a0Patricio Serjal, Hugo Lima, asegur\u00f3 que la vida de su defendido<strong>\u00a0\u201ccorre peligro\u201d\u00a0<\/strong>a ra\u00edz del deteriorado estado de salud mental que padece desde que comenz\u00f3 su derrotero judicial a partir de la causa de juego clandestino. Tambi\u00e9n insisti\u00f3 en que no hay pruebas concretas para involucrarlo y que su detenci\u00f3n es \u201cpol\u00edtica\u201d.<\/p>\n\n\n\n<p>El juez Juan Carlos Leiva le otorg\u00f3 la morigeraci\u00f3n de la prisi\u00f3n preventiva al exfiscal regional del Ministerio P\u00fablico de la Acusaci\u00f3n el 25 de febrero pasado tras la evaluaci\u00f3n realizada por una junta m\u00e9dica.<\/p>\n\n\n\n<p>\u201cCumple la prisi\u00f3n domiciliaria en un departamento calle Zeballos en Rosario, siguiendo un tratamiento psiqui\u00e1trico-psicol\u00f3gico ordenado por el juez Leiva\u201d, confirm\u00f3 en&nbsp;<strong>\u201cTodos en la Ocho\u201d<\/strong>, de&nbsp;<strong>LT8<\/strong>, para agregar que \u201ces tan serio el tema que su vida corr\u00eda peligro, por eso<strong>&nbsp;est\u00e1 bajo la guarda del juzgado porque podr\u00eda autoflagelarse\u201d<\/strong>&nbsp;a partir de su cuadro psiqui\u00e1trico que padece Serjal.<\/p>\n\n\n\n<p>Lima asegur\u00f3 que en el lapso que llega el proceso judicial, Serjal&nbsp;<strong>\u201cbaj\u00f3 26 kilos por el problema psiqui\u00e1trico que padece,<\/strong>&nbsp;a tal punto que fue visto por una junta m\u00e9dica, a partir de la audiencia donde se pidi\u00f3 una morigeraci\u00f3n de preventiva\u201d, y afirm\u00f3: \u201cTodos coincidieron que necesitaba arresto domiciliario\u201d.<\/p>\n\n\n\n<p>Respecto a la causa, Lima sostuvo que \u201cde los elementos objetivos que hay en la causa<strong>\u00a0no existen pruebas para determinar que \u00e9l se enriqueci\u00f3 a costa de una coima<\/strong>. De hecho tuvo que alquilar un departamento porque no es propietario\u201d.<\/p>\n\n\n\n<p>En ese sentido, argument\u00f3:&nbsp;<strong>\u201cEs una persona que percib\u00eda no menos de $500 mil por el cargo que ocupaba,<\/strong>&nbsp;sumado a que es profesor de la UNR y la UCA. As\u00ed y todo no se ha determinado que haya enriquecimiento il\u00edcito\u201d.<\/p>\n\n\n\n<p>\u201c<strong>Son causas pol\u00edticas muy dif\u00edciles de defender. Es como atacar los molinos de viento que surgen como chivo expiatorio.<\/strong>\u00a0No hay nada para incriminarlo porque las \u00fanicas pruebas que hay en su contra son las declaraciones de (el empresario del juego Leonardo)\u00a0Peiti, el rey del juego clandestino de la zona de Rosario. No hay absolutamente nada, s\u00f3lo conjeturas y lo que dijo (el fiscal destituido, Gustavo) Ponce Asahad\u201d, agreg\u00f3.<\/p>\n\n\n\n<p>Por otra parte, consider\u00f3 que<strong>&nbsp;\u201cfue un error de decisi\u00f3n\u201d<\/strong>&nbsp;el hecho de renunciar al cargo de fiscal regional porque, a su entender,&nbsp;<strong>\u201cpodr\u00eda haberse amparado en los fueros como lo hizo el senador (provincial Armando) Traferri\u201d.<\/strong><\/p>\n\n\n\n<p>\u201cSucedi\u00f3 que \u00e9l se sinti\u00f3 inocente y por eso tom\u00f3 esa decisi\u00f3n\u201d, concluy\u00f3.<\/p>\n\n\n\n<p>Fuente: <a href=\"https:\/\/www.lacapital.com.ar\/policiales\/aseguran-que-la-vida-del-ex-fiscal-serjal-corre-peligro-el-deterioro-su-salud-mental-n2646900.html\">La Capital<\/a><\/p>\n\n\n\n<p><a rel=\"noreferrer noopener\" href=\"https:\/\/www.facebook.com\/dialog\/feed?app_id=625839221258294&amp;link=https%3A%2F%2Fwww.lacapital.com.ar%2Fpoliciales%2Faseguran-que-la-vida-del-ex-fiscal-serjal-corre-peligro-el-deterioro-su-salud-mental-n2646900.html&amp;name=Aseguran+que+la+vida+del+ex+fiscal+Serjal+%22corre+peligro%22+por+el+deterioro+de+su+salud+mental&amp;caption=Juego+ilegal&amp;description=Est%C3%A1+detenido+y+padece+un+cuadro+psiqui%C3%A1trico+que+fue+lo+que+motiv%C3%B3+el+pedido+de+morigeraci%C3%B3n+de+la+prisi%C3%B3n+domiciliaria+el+pasado+25+de+febrero.+&amp;redirect_uri=https%3A%2F%2Fwww.lacapital.com.ar%2Fpoliciales%2Faseguran-que-la-vida-del-ex-fiscal-serjal-corre-peligro-el-deterioro-su-salud-mental-n2646900.html\" target=\"_blank\"><\/a><\/p>\n","protected":false},"excerpt":{"rendered":"<p>Est\u00e1 detenido y padece un cuadro psiqui\u00e1trico que fue lo que motiv\u00f3 el pedido de morigeraci\u00f3n de la prisi\u00f3n domiciliaria el pasado 25 de febrero. Tras haber obtenido el beneficio de la prisi\u00f3n preventiva domiciliaria, el abogado defensor del exfiscal regional\u00a0Patricio Serjal, Hugo Lima, asegur\u00f3 que la vida de su defendido\u00a0\u201ccorre peligro\u201d\u00a0a ra\u00edz del deteriorado [&hellip;]<\/p>\n","protected":false},"author":4,"featured_media":89071,"comment_status":"open","ping_status":"closed","sticky":false,"template":"","format":"standard","meta":{"om_disable_all_campaigns":false,"_jetpack_memberships_contains_paid_content":false,"footnotes":""},"categories":[2],"tags":[],"class_list":["post-89070","post","type-post","status-publish","format-standard","has-post-thumbnail","hentry","category-locales"],"aioseo_notices":[],"gutentor_comment":0,"jetpack_featured_media_url":"https:\/\/eldiariodesanpedro.com.ar\/sitio\/wp-content\/uploads\/2021\/03\/el-ex-fiscal-patricio-serjal-debera-dar-explicaciones-un-caso-contaminacon-el-cordon-industrial.jpg","jetpack_shortlink":"https:\/\/wp.me\/p6RhLt-naC","jetpack_sharing_enabled":true,"_links":{"self":[{"href":"https:\/\/eldiariodesanpedro.com.ar\/sitio\/wp-json\/wp\/v2\/posts\/89070","targetHints":{"allow":["GET"]}}],"collection":[{"href":"https:\/\/eldiariodesanpedro.com.ar\/sitio\/wp-json\/wp\/v2\/posts"}],"about":[{"href":"https:\/\/eldiariodesanpedro.com.ar\/sitio\/wp-json\/wp\/v2\/types\/post"}],"author":[{"embeddable":true,"href":"https:\/\/eldiariodesanpedro.com.ar\/sitio\/wp-json\/wp\/v2\/users\/4"}],"replies":[{"embeddable":true,"href":"https:\/\/eldiariodesanpedro.com.ar\/sitio\/wp-json\/wp\/v2\/comments?post=89070"}],"version-history":[{"count":1,"href":"https:\/\/eldiariodesanpedro.com.ar\/sitio\/wp-json\/wp\/v2\/posts\/89070\/revisions"}],"predecessor-version":[{"id":89072,"href":"https:\/\/eldiariodesanpedro.com.ar\/sitio\/wp-json\/wp\/v2\/posts\/89070\/revisions\/89072"}],"wp:featuredmedia":[{"embeddable":true,"href":"https:\/\/eldiariodesanpedro.com.ar\/sitio\/wp-json\/wp\/v2\/media\/89071"}],"wp:attachment":[{"href":"https:\/\/eldiariodesanpedro.com.ar\/sitio\/wp-json\/wp\/v2\/media?parent=89070"}],"wp:term":[{"taxonomy":"category","embeddable":true,"href":"https:\/\/eldiariodesanpedro.com.ar\/sitio\/wp-json\/wp\/v2\/categories?post=89070"},{"taxonomy":"post_tag","embeddable":true,"href":"https:\/\/eldiariodesanpedro.com.ar\/sitio\/wp-json\/wp\/v2\/tags?post=89070"}],"curies":[{"name":"wp","href":"https:\/\/api.w.org\/{rel}","templated":true}]}}