{"id":89062,"date":"2021-03-12T10:21:39","date_gmt":"2021-03-12T13:21:39","guid":{"rendered":"https:\/\/eldiariodesanpedro.com.ar\/sitio\/?p=89062"},"modified":"2021-03-12T10:21:42","modified_gmt":"2021-03-12T13:21:42","slug":"entrega-de-nuevos-elementos-desde-la-cooperadora-del-hospital-2","status":"publish","type":"post","link":"https:\/\/eldiariodesanpedro.com.ar\/sitio\/entrega-de-nuevos-elementos-desde-la-cooperadora-del-hospital-2\/","title":{"rendered":"Entrega de nuevos elementos desde la Cooperadora del Hospital"},"content":{"rendered":"<!-- VideographyWP Plugin Message: Automatic video embedding prevented by plugin options. -->\n\n<p>El d\u00eda de ayer por la ma\u00f1ana, se llev\u00f3 a cabo en el hall del Hospital Emilio Ruffa, una nueva entrega de elementos adquiridos a trav\u00e9s de la Cooperadora.<br>Todos estos insumos, son una importante donaci\u00f3n que ser\u00e1n destinados a la atenci\u00f3n de la comunidad de nuestra ciudad.<\/p>\n\n\n\n<p>El Secretario de Coordinaci\u00f3n Ram\u00f3n Salazar particip\u00f3 de la ceremonia y agradeci\u00f3 por la ayuda brindada a trav\u00e9s de la Cooperadora desde hace ya varios a\u00f1os.<br>El Director del Hospital Javier Sualdea tambi\u00e9n expres\u00f3 su agradecimiento al constante apoyo brindado por la Cooperadora a trav\u00e9s de sus socios, y la Presidente de la Cooperadora Mirta Borrell detall\u00f3 cada uno de los elementos que se suman al equipamiento del Hospital.<\/p>\n\n\n\n<p>Entre los elementos presentados se encuentra un ec\u00f3grafo, un tensi\u00f3metro, una l\u00e1mpara cial\u00edtica para el quir\u00f3fano, agujas para biopsia, sillones, un aire acondicionado, art\u00edculos de cocina y 30 juegos de s\u00e1banas.<\/p>\n\n\n\n<p>Luego de esta presentaci\u00f3n, Ram\u00f3n Salazar recorri\u00f3 diferentes \u00e1reas del Hospital en el que se han realizado mejoras y se est\u00e1n ejecutando otras reformas de importancia.<\/p>\n\n\n\n<figure class=\"wp-block-image size-large\"><img decoding=\"async\" width=\"1024\" height=\"743\" data-attachment-id=\"89065\" data-permalink=\"https:\/\/eldiariodesanpedro.com.ar\/sitio\/entrega-de-nuevos-elementos-desde-la-cooperadora-del-hospital-2\/whatsapp-image-2021-03-11-at-21-50-35\/\" data-orig-file=\"https:\/\/eldiariodesanpedro.com.ar\/sitio\/wp-content\/uploads\/2021\/03\/WhatsApp-Image-2021-03-11-at-21.50.35.jpeg\" data-orig-size=\"1280,929\" data-comments-opened=\"1\" data-image-meta=\"{&quot;aperture&quot;:&quot;0&quot;,&quot;credit&quot;:&quot;&quot;,&quot;camera&quot;:&quot;&quot;,&quot;caption&quot;:&quot;&quot;,&quot;created_timestamp&quot;:&quot;0&quot;,&quot;copyright&quot;:&quot;&quot;,&quot;focal_length&quot;:&quot;0&quot;,&quot;iso&quot;:&quot;0&quot;,&quot;shutter_speed&quot;:&quot;0&quot;,&quot;title&quot;:&quot;&quot;,&quot;orientation&quot;:&quot;0&quot;}\" data-image-title=\"WhatsApp Image 2021-03-11 at 21.50.35\" data-image-description=\"\" data-image-caption=\"\" data-large-file=\"https:\/\/eldiariodesanpedro.com.ar\/sitio\/wp-content\/uploads\/2021\/03\/WhatsApp-Image-2021-03-11-at-21.50.35-1024x743.jpeg\" data-src=\"https:\/\/eldiariodesanpedro.com.ar\/sitio\/wp-content\/uploads\/2021\/03\/WhatsApp-Image-2021-03-11-at-21.50.35-1024x743.jpeg\" alt=\"\" class=\"wp-image-89065 lazyload\" data-srcset=\"https:\/\/eldiariodesanpedro.com.ar\/sitio\/wp-content\/uploads\/2021\/03\/WhatsApp-Image-2021-03-11-at-21.50.35-1024x743.jpeg 1024w, https:\/\/eldiariodesanpedro.com.ar\/sitio\/wp-content\/uploads\/2021\/03\/WhatsApp-Image-2021-03-11-at-21.50.35-300x218.jpeg 300w, https:\/\/eldiariodesanpedro.com.ar\/sitio\/wp-content\/uploads\/2021\/03\/WhatsApp-Image-2021-03-11-at-21.50.35-768x557.jpeg 768w, https:\/\/eldiariodesanpedro.com.ar\/sitio\/wp-content\/uploads\/2021\/03\/WhatsApp-Image-2021-03-11-at-21.50.35.jpeg 1280w\" data-sizes=\"(max-width: 1024px) 100vw, 1024px\" src=\"data:image\/svg+xml;base64,PHN2ZyB3aWR0aD0iMSIgaGVpZ2h0PSIxIiB4bWxucz0iaHR0cDovL3d3dy53My5vcmcvMjAwMC9zdmciPjwvc3ZnPg==\" style=\"--smush-placeholder-width: 1024px; --smush-placeholder-aspect-ratio: 1024\/743;\" \/><\/figure>\n\n\n\n<figure class=\"wp-block-image size-large\"><img decoding=\"async\" width=\"1024\" height=\"788\" data-attachment-id=\"89064\" data-permalink=\"https:\/\/eldiariodesanpedro.com.ar\/sitio\/entrega-de-nuevos-elementos-desde-la-cooperadora-del-hospital-2\/whatsapp-image-2021-03-11-at-21-50-34\/\" data-orig-file=\"https:\/\/eldiariodesanpedro.com.ar\/sitio\/wp-content\/uploads\/2021\/03\/WhatsApp-Image-2021-03-11-at-21.50.34.jpeg\" data-orig-size=\"1280,985\" data-comments-opened=\"1\" data-image-meta=\"{&quot;aperture&quot;:&quot;0&quot;,&quot;credit&quot;:&quot;&quot;,&quot;camera&quot;:&quot;&quot;,&quot;caption&quot;:&quot;&quot;,&quot;created_timestamp&quot;:&quot;0&quot;,&quot;copyright&quot;:&quot;&quot;,&quot;focal_length&quot;:&quot;0&quot;,&quot;iso&quot;:&quot;0&quot;,&quot;shutter_speed&quot;:&quot;0&quot;,&quot;title&quot;:&quot;&quot;,&quot;orientation&quot;:&quot;0&quot;}\" data-image-title=\"WhatsApp Image 2021-03-11 at 21.50.34\" data-image-description=\"\" data-image-caption=\"\" data-large-file=\"https:\/\/eldiariodesanpedro.com.ar\/sitio\/wp-content\/uploads\/2021\/03\/WhatsApp-Image-2021-03-11-at-21.50.34-1024x788.jpeg\" data-src=\"https:\/\/eldiariodesanpedro.com.ar\/sitio\/wp-content\/uploads\/2021\/03\/WhatsApp-Image-2021-03-11-at-21.50.34-1024x788.jpeg\" alt=\"\" class=\"wp-image-89064 lazyload\" data-srcset=\"https:\/\/eldiariodesanpedro.com.ar\/sitio\/wp-content\/uploads\/2021\/03\/WhatsApp-Image-2021-03-11-at-21.50.34-1024x788.jpeg 1024w, https:\/\/eldiariodesanpedro.com.ar\/sitio\/wp-content\/uploads\/2021\/03\/WhatsApp-Image-2021-03-11-at-21.50.34-300x231.jpeg 300w, https:\/\/eldiariodesanpedro.com.ar\/sitio\/wp-content\/uploads\/2021\/03\/WhatsApp-Image-2021-03-11-at-21.50.34-768x591.jpeg 768w, https:\/\/eldiariodesanpedro.com.ar\/sitio\/wp-content\/uploads\/2021\/03\/WhatsApp-Image-2021-03-11-at-21.50.34.jpeg 1280w\" data-sizes=\"(max-width: 1024px) 100vw, 1024px\" src=\"data:image\/svg+xml;base64,PHN2ZyB3aWR0aD0iMSIgaGVpZ2h0PSIxIiB4bWxucz0iaHR0cDovL3d3dy53My5vcmcvMjAwMC9zdmciPjwvc3ZnPg==\" style=\"--smush-placeholder-width: 1024px; --smush-placeholder-aspect-ratio: 1024\/788;\" \/><\/figure>\n","protected":false},"excerpt":{"rendered":"<p>El d\u00eda de ayer por la ma\u00f1ana, se llev\u00f3 a cabo en el hall del Hospital Emilio Ruffa, una nueva entrega de elementos adquiridos a trav\u00e9s de la Cooperadora.Todos estos insumos, son una importante donaci\u00f3n que ser\u00e1n destinados a la atenci\u00f3n de la comunidad de nuestra ciudad. El Secretario de Coordinaci\u00f3n Ram\u00f3n Salazar particip\u00f3 de [&hellip;]<\/p>\n","protected":false},"author":4,"featured_media":89063,"comment_status":"open","ping_status":"closed","sticky":false,"template":"","format":"standard","meta":{"om_disable_all_campaigns":false,"_jetpack_memberships_contains_paid_content":false,"footnotes":""},"categories":[50,101,2],"tags":[],"class_list":["post-89062","post","type-post","status-publish","format-standard","has-post-thumbnail","hentry","category-destacadas","category-interes-general-locales","category-locales"],"aioseo_notices":[],"gutentor_comment":0,"jetpack_featured_media_url":"https:\/\/eldiariodesanpedro.com.ar\/sitio\/wp-content\/uploads\/2021\/03\/WhatsApp-Image-2021-03-11-at-21.50.33.jpeg","jetpack_shortlink":"https:\/\/wp.me\/p6RhLt-nau","jetpack_sharing_enabled":true,"_links":{"self":[{"href":"https:\/\/eldiariodesanpedro.com.ar\/sitio\/wp-json\/wp\/v2\/posts\/89062","targetHints":{"allow":["GET"]}}],"collection":[{"href":"https:\/\/eldiariodesanpedro.com.ar\/sitio\/wp-json\/wp\/v2\/posts"}],"about":[{"href":"https:\/\/eldiariodesanpedro.com.ar\/sitio\/wp-json\/wp\/v2\/types\/post"}],"author":[{"embeddable":true,"href":"https:\/\/eldiariodesanpedro.com.ar\/sitio\/wp-json\/wp\/v2\/users\/4"}],"replies":[{"embeddable":true,"href":"https:\/\/eldiariodesanpedro.com.ar\/sitio\/wp-json\/wp\/v2\/comments?post=89062"}],"version-history":[{"count":1,"href":"https:\/\/eldiariodesanpedro.com.ar\/sitio\/wp-json\/wp\/v2\/posts\/89062\/revisions"}],"predecessor-version":[{"id":89069,"href":"https:\/\/eldiariodesanpedro.com.ar\/sitio\/wp-json\/wp\/v2\/posts\/89062\/revisions\/89069"}],"wp:featuredmedia":[{"embeddable":true,"href":"https:\/\/eldiariodesanpedro.com.ar\/sitio\/wp-json\/wp\/v2\/media\/89063"}],"wp:attachment":[{"href":"https:\/\/eldiariodesanpedro.com.ar\/sitio\/wp-json\/wp\/v2\/media?parent=89062"}],"wp:term":[{"taxonomy":"category","embeddable":true,"href":"https:\/\/eldiariodesanpedro.com.ar\/sitio\/wp-json\/wp\/v2\/categories?post=89062"},{"taxonomy":"post_tag","embeddable":true,"href":"https:\/\/eldiariodesanpedro.com.ar\/sitio\/wp-json\/wp\/v2\/tags?post=89062"}],"curies":[{"name":"wp","href":"https:\/\/api.w.org\/{rel}","templated":true}]}}