{"id":89059,"date":"2021-03-12T10:09:23","date_gmt":"2021-03-12T13:09:23","guid":{"rendered":"https:\/\/eldiariodesanpedro.com.ar\/sitio\/?p=89059"},"modified":"2021-03-12T10:09:24","modified_gmt":"2021-03-12T13:09:24","slug":"ypf-lanza-descuentos-del-15-para-personal-educativo-como-acceder","status":"publish","type":"post","link":"https:\/\/eldiariodesanpedro.com.ar\/sitio\/ypf-lanza-descuentos-del-15-para-personal-educativo-como-acceder\/","title":{"rendered":"YPF lanza descuentos del 15% para personal educativo: c\u00f3mo acceder"},"content":{"rendered":"<!-- VideographyWP Plugin Message: Automatic video embedding prevented by plugin options. -->\n\n<p>La petrolera YPF anunci\u00f3 un beneficio para el personal educativo para acompa\u00f1ar el regreso presencial a clases de instituciones p\u00fablicas y privadas de todo el pa\u00eds, lo que permitir\u00e1 acceder a descuentos de 15% en combustibles, entre otras bonificaciones en sus estaciones de servicio.<\/p>\n\n\n\n<p>El beneficio alcanza a los docentes, directivos, asistentes, preceptores, administrativos o personal de maestranza, de nivel inicial, primario y secundario de instituciones nacionales p\u00fablicas y privadas, anunci\u00f3 la compa\u00f1\u00eda durante un acto que se realiz\u00f3 en la estaci\u00f3n de servicio de YPF ubicada sobre la Autopista La Plata-Buenos Aires.<\/p>\n\n\n\n<p>Del lanzamiento participaron el flamante presidente de YPF, Pablo Gonz\u00e1lez; el CEO, Sergio Affronti; el ministro de Educaci\u00f3n, Nicolas Trotta; el gobernador de la provincia de Buenos Aires, Axel Kiciloff; y la intendenta de Quilmes, Mayra Mendoza.<\/p>\n\n\n\n<p>En el marco de una campa\u00f1a de la petrolera de promover la vuelta a las aulas, los trabajadores de la educaci\u00f3n podr\u00e1n acceder a un descuento especial del 15% en la carga de combustible, el acceso a un desayuno bonificado en las tiendas Full y podr\u00e1n realizar el escaneo de su veh\u00edculo en Boxes de manera gratuita.<\/p>\n\n\n\n<p>\u201cTodos estamos haciendo un enorme esfuerzo para que nuestros hijos y nuestras hijas vuelvan a compartir el aula. Por eso, decidimos acercarnos a todo personal educativo con un beneficio que s\u00f3lo una compa\u00f1\u00eda como YPF les puede dar porque es la \u00fanica con presencia en todo el pa\u00eds\u201d, afirm\u00f3 el presidente de YPF.<\/p>\n\n\n\n<p>A su turno, Trotta expres\u00f3 que \u201choy se est\u00e1 promoviendo una presencialidad cuidada en el contexto de pandemia e YPF se suma a acompa\u00f1ar el regreso a las clases presenciales, colocando su red de estaciones al servicio de las y los trabajadores de la educaci\u00f3n\u201d.<\/p>\n\n\n\n<p>Este beneficio se suma al que ya est\u00e1 vigente para el personal de la salud, entre otros acuerdos firmados por la petrolera en el marco de la pandemia.<\/p>\n\n\n\n<p><strong>Todo el personal educativo que quiera acceder a este beneficio deber\u00e1 registrarse el sitio en personaleducativo.ypf.com. y aguardar el mail que le confirme que es parte de la comunidad<\/strong>.<\/p>\n\n\n\n<p>Para acceder al beneficio en combustibles,&nbsp;<strong>deber\u00e1n descargarse la App YPF<\/strong>, mientras que para acceder al beneficio en Full o Boxes bastar\u00e1 con su DNI o n\u00famero de socio Serviclub.<\/p>\n","protected":false},"excerpt":{"rendered":"<p>La petrolera YPF anunci\u00f3 un beneficio para el personal educativo para acompa\u00f1ar el regreso presencial a clases de instituciones p\u00fablicas y privadas de todo el pa\u00eds, lo que permitir\u00e1 acceder a descuentos de 15% en combustibles, entre otras bonificaciones en sus estaciones de servicio. El beneficio alcanza a los docentes, directivos, asistentes, preceptores, administrativos o [&hellip;]<\/p>\n","protected":false},"author":4,"featured_media":89060,"comment_status":"open","ping_status":"closed","sticky":false,"template":"","format":"standard","meta":{"om_disable_all_campaigns":false,"_jetpack_memberships_contains_paid_content":false,"footnotes":""},"categories":[621],"tags":[],"class_list":["post-89059","post","type-post","status-publish","format-standard","has-post-thumbnail","hentry","category-regionales"],"aioseo_notices":[],"gutentor_comment":0,"jetpack_featured_media_url":"https:\/\/eldiariodesanpedro.com.ar\/sitio\/wp-content\/uploads\/2021\/03\/o_1615534951.jpg","jetpack_shortlink":"https:\/\/wp.me\/p6RhLt-nar","jetpack_sharing_enabled":true,"_links":{"self":[{"href":"https:\/\/eldiariodesanpedro.com.ar\/sitio\/wp-json\/wp\/v2\/posts\/89059","targetHints":{"allow":["GET"]}}],"collection":[{"href":"https:\/\/eldiariodesanpedro.com.ar\/sitio\/wp-json\/wp\/v2\/posts"}],"about":[{"href":"https:\/\/eldiariodesanpedro.com.ar\/sitio\/wp-json\/wp\/v2\/types\/post"}],"author":[{"embeddable":true,"href":"https:\/\/eldiariodesanpedro.com.ar\/sitio\/wp-json\/wp\/v2\/users\/4"}],"replies":[{"embeddable":true,"href":"https:\/\/eldiariodesanpedro.com.ar\/sitio\/wp-json\/wp\/v2\/comments?post=89059"}],"version-history":[{"count":1,"href":"https:\/\/eldiariodesanpedro.com.ar\/sitio\/wp-json\/wp\/v2\/posts\/89059\/revisions"}],"predecessor-version":[{"id":89061,"href":"https:\/\/eldiariodesanpedro.com.ar\/sitio\/wp-json\/wp\/v2\/posts\/89059\/revisions\/89061"}],"wp:featuredmedia":[{"embeddable":true,"href":"https:\/\/eldiariodesanpedro.com.ar\/sitio\/wp-json\/wp\/v2\/media\/89060"}],"wp:attachment":[{"href":"https:\/\/eldiariodesanpedro.com.ar\/sitio\/wp-json\/wp\/v2\/media?parent=89059"}],"wp:term":[{"taxonomy":"category","embeddable":true,"href":"https:\/\/eldiariodesanpedro.com.ar\/sitio\/wp-json\/wp\/v2\/categories?post=89059"},{"taxonomy":"post_tag","embeddable":true,"href":"https:\/\/eldiariodesanpedro.com.ar\/sitio\/wp-json\/wp\/v2\/tags?post=89059"}],"curies":[{"name":"wp","href":"https:\/\/api.w.org\/{rel}","templated":true}]}}