{"id":89056,"date":"2021-03-12T10:03:07","date_gmt":"2021-03-12T13:03:07","guid":{"rendered":"https:\/\/eldiariodesanpedro.com.ar\/sitio\/?p=89056"},"modified":"2021-03-12T10:03:18","modified_gmt":"2021-03-12T13:03:18","slug":"arrecifes-usurpacion-en-las-20-viviendas-de-la-cumbre","status":"publish","type":"post","link":"https:\/\/eldiariodesanpedro.com.ar\/sitio\/arrecifes-usurpacion-en-las-20-viviendas-de-la-cumbre\/","title":{"rendered":"ARRECIFES | Usurpaci\u00f3n en las 20 viviendas de La Cumbre"},"content":{"rendered":"<!-- VideographyWP Plugin Message: Automatic video embedding prevented by plugin options. -->\n\n<p>Al menos una casa del barrio de 20 viviendas que lleva a\u00f1os sin terminarse en barrio La Cumbre, fue usurpada en la noche de este jueves.<\/p>\n\n\n\n<p>Justamente la Municipalidad de Arrecifes inform\u00f3 que en horas de la ma\u00f1ana el intendente Javier Olaeta hab\u00eda participado de un acto con el gobernador Axel Kicillof y jefes comunales de toda la provincia para reanudar las obras de viviendas paralizadas.<\/p>\n\n\n\n<p>Entre ellas, se anunci\u00f3, se encontraban las 20 unidades habitacionales de La Cumbre, ubicadas sobre calle Jamaica.<\/p>\n\n\n\n<p>Una de ellas esta noche fue ocupada por una joven con dos hijos peque\u00f1os. La Polic\u00eda se encontraba en el lugar tratando de solucionar la situaci\u00f3n.<\/p>\n\n\n\n<p>Finalmente, pasada la medianoche, se llev\u00f3 a la mujer y a sus hijos a un hotel y este viernes se reunir\u00eda con el Intendente.<\/p>\n\n\n\n<p>Fuente: <a href=\"https:\/\/arrecifesnoticias.com\/policiales\/usurpacion-en-las-20-viviendas-de-la-cumbre\/\">Arrecifes Noticias<\/a><\/p>\n","protected":false},"excerpt":{"rendered":"<p>Al menos una casa del barrio de 20 viviendas que lleva a\u00f1os sin terminarse en barrio La Cumbre, fue usurpada en la noche de este jueves. Justamente la Municipalidad de Arrecifes inform\u00f3 que en horas de la ma\u00f1ana el intendente Javier Olaeta hab\u00eda participado de un acto con el gobernador Axel Kicillof y jefes comunales [&hellip;]<\/p>\n","protected":false},"author":4,"featured_media":89057,"comment_status":"open","ping_status":"closed","sticky":false,"template":"","format":"standard","meta":{"om_disable_all_campaigns":false,"_jetpack_memberships_contains_paid_content":false,"footnotes":""},"categories":[621],"tags":[],"class_list":["post-89056","post","type-post","status-publish","format-standard","has-post-thumbnail","hentry","category-regionales"],"aioseo_notices":[],"gutentor_comment":0,"jetpack_featured_media_url":"https:\/\/eldiariodesanpedro.com.ar\/sitio\/wp-content\/uploads\/2021\/03\/La-Cumbre-20-viviendas-Usurpacion.jpg","jetpack_shortlink":"https:\/\/wp.me\/p6RhLt-nao","jetpack_sharing_enabled":true,"_links":{"self":[{"href":"https:\/\/eldiariodesanpedro.com.ar\/sitio\/wp-json\/wp\/v2\/posts\/89056","targetHints":{"allow":["GET"]}}],"collection":[{"href":"https:\/\/eldiariodesanpedro.com.ar\/sitio\/wp-json\/wp\/v2\/posts"}],"about":[{"href":"https:\/\/eldiariodesanpedro.com.ar\/sitio\/wp-json\/wp\/v2\/types\/post"}],"author":[{"embeddable":true,"href":"https:\/\/eldiariodesanpedro.com.ar\/sitio\/wp-json\/wp\/v2\/users\/4"}],"replies":[{"embeddable":true,"href":"https:\/\/eldiariodesanpedro.com.ar\/sitio\/wp-json\/wp\/v2\/comments?post=89056"}],"version-history":[{"count":1,"href":"https:\/\/eldiariodesanpedro.com.ar\/sitio\/wp-json\/wp\/v2\/posts\/89056\/revisions"}],"predecessor-version":[{"id":89058,"href":"https:\/\/eldiariodesanpedro.com.ar\/sitio\/wp-json\/wp\/v2\/posts\/89056\/revisions\/89058"}],"wp:featuredmedia":[{"embeddable":true,"href":"https:\/\/eldiariodesanpedro.com.ar\/sitio\/wp-json\/wp\/v2\/media\/89057"}],"wp:attachment":[{"href":"https:\/\/eldiariodesanpedro.com.ar\/sitio\/wp-json\/wp\/v2\/media?parent=89056"}],"wp:term":[{"taxonomy":"category","embeddable":true,"href":"https:\/\/eldiariodesanpedro.com.ar\/sitio\/wp-json\/wp\/v2\/categories?post=89056"},{"taxonomy":"post_tag","embeddable":true,"href":"https:\/\/eldiariodesanpedro.com.ar\/sitio\/wp-json\/wp\/v2\/tags?post=89056"}],"curies":[{"name":"wp","href":"https:\/\/api.w.org\/{rel}","templated":true}]}}