{"id":89054,"date":"2021-03-12T09:42:05","date_gmt":"2021-03-12T12:42:05","guid":{"rendered":"https:\/\/eldiariodesanpedro.com.ar\/sitio\/?p=89054"},"modified":"2021-03-12T09:42:06","modified_gmt":"2021-03-12T12:42:06","slug":"anses-informa-el-calendario-de-pagos-para-hoy-viernes","status":"publish","type":"post","link":"https:\/\/eldiariodesanpedro.com.ar\/sitio\/anses-informa-el-calendario-de-pagos-para-hoy-viernes\/","title":{"rendered":"Anses informa el calendario de pagos para hoy viernes"},"content":{"rendered":"<!-- VideographyWP Plugin Message: Automatic video embedding prevented by plugin options. -->\n\n<p>El organismo a cargo de la Lic. Fernanda Raverta informa que sigue abierta la inscripci\u00f3n para las Becas Progresar 2021 y que hoy se abonan jubilaciones, pensiones, Asignaci\u00f3n Universal por Hijo, Asignaciones Familiares, tarjeta Alimentar, Progresar y programas Hogar y REPRO II.<\/p>\n\n\n\n<p><strong>Becas Progresar 2021<\/strong><strong><\/strong><\/p>\n\n\n\n<p>Sigue abierta la inscripci\u00f3n para las Becas Progresar 2021. Los nuevos montos tienen hasta un 163 por ciento de aumento con respecto al programa en 2020 y se adicionan dos cuotas m\u00e1s llegando a los 12 pagos por a\u00f1o. En una primera etapa el programa alcanzar\u00e1 a 750 mil chicos y chicas de todo el pa\u00eds. La inscripci\u00f3n se encuentra abierta hasta el 30 de abril. Para m\u00e1s informaci\u00f3n, ingresar a&nbsp;<a href=\"http:\/\/www.anses.gob.ar\/progresar\" target=\"_blank\" rel=\"noreferrer noopener\">www.anses.gob.ar\/progresar<\/a>.<strong><\/strong><\/p>\n\n\n\n<p><strong>Jubilaciones&nbsp;y&nbsp;pensiones&nbsp;del Sistema Integrado Previsional Argentino (SIPA)<\/strong><strong><\/strong><\/p>\n\n\n\n<p>Las sucursales bancarias habilitadas atender\u00e1n por ventanilla a jubilados, jubiladas, pensionados y pensionadas con documentos terminados en&nbsp;<strong>4&nbsp;<\/strong>cuyos<strong>&nbsp;haberes NO SUPEREN la suma de 23.120 pesos<\/strong>.<\/p>\n\n\n\n<p>En este sentido, si bien estas personas no tienen que solicitar turno previo para cobrar el beneficio,&nbsp;deben acercarse a la sucursal bancaria \u00fanicamente en la fecha asignada. Cabe recordar que los haberes permanecer\u00e1n depositados en sus cuentas.<\/p>\n\n\n\n<p><strong>Asignaci\u00f3n Universal por Hijo y Asignaci\u00f3n Familiar por Hijo<\/strong><\/p>\n\n\n\n<p>Con la utilizaci\u00f3n de la tarjeta de d\u00e9bito, hoy perciben la Asignaci\u00f3n Universal por Hijo y la Asignaci\u00f3n Familiar por Hijo titulares con documentos concluidos en&nbsp;<strong>4<\/strong>.<\/p>\n\n\n\n<p>Conjuntamente, se paga la Ayuda Escolar Anual a quienes cobren la AUH o Asignaci\u00f3n Familiar con esa misma terminaci\u00f3n de DNI. Se abona por menor entre 4 y 16 a\u00f1os inclusive, o por hija o hijo con discapacidad, sin l\u00edmite de edad. El beneficio lo percibe uno de los progenitores o tutor y para su cobro ser\u00e1 necesario haber presentado el certificado escolar.<\/p>\n\n\n\n<p><strong>Asignaci\u00f3n Universal por Embarazo<\/strong><\/p>\n\n\n\n<p>Con la utilizaci\u00f3n de la tarjeta de d\u00e9bito, hoy cobran la Asignaci\u00f3n Universal por Embarazo las titulares con documentos finalizados en&nbsp;<strong>2<\/strong>.<\/p>\n\n\n\n<p><strong>Asignaciones por&nbsp;Prenatal&nbsp;y por Maternidad<\/strong><\/p>\n\n\n\n<p>Las titulares de la Asignaci\u00f3n por&nbsp;Prenatal&nbsp;y Asignaci\u00f3n por Maternidad con documentos terminados en&nbsp;<strong>0&nbsp;<\/strong>y<strong>&nbsp;1<\/strong>&nbsp;perciben hoy su prestaci\u00f3n.<\/p>\n\n\n\n<p><strong>Tarjeta Alimentar<\/strong><\/p>\n\n\n\n<p>En el marco del Plan Argentina contra el Hambre del Ministerio de Desarrollo Social, la ANSES acompa\u00f1a con el pago de la tarjeta Alimentar. Hoy perciben el beneficio quienes cobren la AUH con documentos concluidos en&nbsp;<strong>0, 1, 2, 3&nbsp;<\/strong>y<strong>&nbsp;4<\/strong>.<\/p>\n\n\n\n<p><strong>Progresar<\/strong><\/p>\n\n\n\n<p>Con Progresar, la ANSES y el Ministerio de Educaci\u00f3n garantizan el derecho de terminar los estudios a j\u00f3venes del pa\u00eds. Hoy cobran titulares con documentos finalizados en&nbsp;<strong>4&nbsp;<\/strong>y&nbsp;<strong>5<\/strong>.<\/p>\n\n\n\n<p><strong>Programa Hogar<\/strong><\/p>\n\n\n\n<p>La ANSES y la Secretar\u00eda de Energ\u00eda impulsan en conjunto el Programa Hogar, mediante el cual se otorga un subsidio para la compra de garrafas en viviendas que no est\u00e1n conectadas a la red de gas natural. Hoy cobran este beneficio las personas con documentos terminados en&nbsp;<strong>4<\/strong>.<\/p>\n\n\n\n<p><strong>Programa REPRO II<\/strong><\/p>\n\n\n\n<p>Hoy se realiza el pago a las y los beneficiarios del Programa de Recuperaci\u00f3n Productiva II (REPRO II) de la AFIP, para dar alivio econ\u00f3mico a las compa\u00f1\u00edas y al personal afectado por la ca\u00edda de la actividad debido al Covid-19.<\/p>\n","protected":false},"excerpt":{"rendered":"<p>El organismo a cargo de la Lic. Fernanda Raverta informa que sigue abierta la inscripci\u00f3n para las Becas Progresar 2021 y que hoy se abonan jubilaciones, pensiones, Asignaci\u00f3n Universal por Hijo, Asignaciones Familiares, tarjeta Alimentar, Progresar y programas Hogar y REPRO II. Becas Progresar 2021 Sigue abierta la inscripci\u00f3n para las Becas Progresar 2021. Los [&hellip;]<\/p>\n","protected":false},"author":4,"featured_media":79417,"comment_status":"open","ping_status":"closed","sticky":false,"template":"","format":"standard","meta":{"om_disable_all_campaigns":false,"_jetpack_memberships_contains_paid_content":false,"footnotes":""},"categories":[101,2],"tags":[],"class_list":["post-89054","post","type-post","status-publish","format-standard","has-post-thumbnail","hentry","category-interes-general-locales","category-locales"],"aioseo_notices":[],"gutentor_comment":0,"jetpack_featured_media_url":"https:\/\/eldiariodesanpedro.com.ar\/sitio\/wp-content\/uploads\/2020\/08\/1588601711_001936_1588601952_noticia_normal.jpg","jetpack_shortlink":"https:\/\/wp.me\/p6RhLt-nam","jetpack_sharing_enabled":true,"_links":{"self":[{"href":"https:\/\/eldiariodesanpedro.com.ar\/sitio\/wp-json\/wp\/v2\/posts\/89054","targetHints":{"allow":["GET"]}}],"collection":[{"href":"https:\/\/eldiariodesanpedro.com.ar\/sitio\/wp-json\/wp\/v2\/posts"}],"about":[{"href":"https:\/\/eldiariodesanpedro.com.ar\/sitio\/wp-json\/wp\/v2\/types\/post"}],"author":[{"embeddable":true,"href":"https:\/\/eldiariodesanpedro.com.ar\/sitio\/wp-json\/wp\/v2\/users\/4"}],"replies":[{"embeddable":true,"href":"https:\/\/eldiariodesanpedro.com.ar\/sitio\/wp-json\/wp\/v2\/comments?post=89054"}],"version-history":[{"count":1,"href":"https:\/\/eldiariodesanpedro.com.ar\/sitio\/wp-json\/wp\/v2\/posts\/89054\/revisions"}],"predecessor-version":[{"id":89055,"href":"https:\/\/eldiariodesanpedro.com.ar\/sitio\/wp-json\/wp\/v2\/posts\/89054\/revisions\/89055"}],"wp:featuredmedia":[{"embeddable":true,"href":"https:\/\/eldiariodesanpedro.com.ar\/sitio\/wp-json\/wp\/v2\/media\/79417"}],"wp:attachment":[{"href":"https:\/\/eldiariodesanpedro.com.ar\/sitio\/wp-json\/wp\/v2\/media?parent=89054"}],"wp:term":[{"taxonomy":"category","embeddable":true,"href":"https:\/\/eldiariodesanpedro.com.ar\/sitio\/wp-json\/wp\/v2\/categories?post=89054"},{"taxonomy":"post_tag","embeddable":true,"href":"https:\/\/eldiariodesanpedro.com.ar\/sitio\/wp-json\/wp\/v2\/tags?post=89054"}],"curies":[{"name":"wp","href":"https:\/\/api.w.org\/{rel}","templated":true}]}}