{"id":89052,"date":"2021-03-11T19:53:31","date_gmt":"2021-03-11T22:53:31","guid":{"rendered":"https:\/\/eldiariodesanpedro.com.ar\/sitio\/?p=89052"},"modified":"2021-03-11T19:53:36","modified_gmt":"2021-03-11T22:53:36","slug":"ultimas-vacantes-para-el-posgrado-de-marketing-y-ventas-a-traves-del-ccit","status":"publish","type":"post","link":"https:\/\/eldiariodesanpedro.com.ar\/sitio\/ultimas-vacantes-para-el-posgrado-de-marketing-y-ventas-a-traves-del-ccit\/","title":{"rendered":"Ultimas vacantes para el Posgrado de Marketing y Ventas a trav\u00e9s del CCIT"},"content":{"rendered":"<!-- VideographyWP Plugin Message: Automatic video embedding prevented by plugin options. -->\n\n<p><strong>Ultimas vacantes para el Posgrado de Marketing y Ventas a trav\u00e9s del CCIT<\/strong><\/p>\n\n\n\n<p>El pr\u00f3ximo martes 23 de marzo dar\u00e1 comienzo el curso de posgrado virtual en Direcci\u00f3n de Marketing Estrat\u00e9gico e Innovaci\u00f3n en Ventas que dictar\u00e1 de manera 100% virtual la Universidad Nacional de Tres de Febrero y que est\u00e1 siendo promocionado a nivel local por el Centro de Comercio.<\/p>\n\n\n\n<p>M\u00e1s de 20 personas de diferentes edades ya han confirmado su participaci\u00f3n en el mismo, que constituye la primera de varias propuestas que este a\u00f1o se ofrecer\u00e1n a los socios de la entidad con condiciones sumamente ventajosas.<\/p>\n\n\n\n<p>Est\u00e1n disponibles las \u00faltimas vacantes asignadas por la UNTREF a nuestra ciudad y quienes lo deseen est\u00e1n a tiempo de sumarse a una excelente oportunidad que posibilita, sin tener que viajar, tener a su disposici\u00f3n una oferta acad\u00e9mica de excelencia y el acceso contenidos muy valiosos para la incorporaci\u00f3n de nuevas herramientas en el desarrollo de sus actividades.<\/p>\n\n\n\n<p>Esta modalidad virtual es una alternativa interesante para poder organizar los horarios de estudio y cursada, sin dejar de cumplir con las obligaciones habituales y adem\u00e1s, en el contexto de Pandemia que sigue generando dificultades, constituye una alternativa mucho m\u00e1s segura y eficaz.<\/p>\n\n\n\n<p><strong>El posgrado tiene estos puntos centrales a considerar:<\/strong><br>100% virtual<br>4 (cuatro) materias por cuatrimestre<br>Duraci\u00f3n total: tres cuatrimestres<\/p>\n\n\n\n<p><strong>Contenidos:&nbsp;<\/strong>Gesti\u00f3n de Redes Sociales, Emprendimiento de Nuevos Negocios, An\u00e1lisis de Bases de datos Comerciales, Gesti\u00f3n de Ventas, Canales de Distribuci\u00f3n entre otros.<\/p>\n\n\n\n<p><strong>Requisitos de ingreso:<\/strong><br>Poseer t\u00edtulo de grado universitario, o bien poseer t\u00edtulo terciario (nivel superior no universitario). Otros estudios considerados equivalentes a los universitarios que as\u00ed sean reconocidos por la Direcci\u00f3n del Curso.<\/p>\n\n\n\n<p><strong>Link de inscripci\u00f3n:<\/strong><br><a href=\"http:\/\/bit.ly\/3rFLb7k\" target=\"_blank\" rel=\"noreferrer noopener\">http:\/\/bit.ly\/3rFLb7k<\/a><\/p>\n\n\n\n<p><strong>M\u00e1s info sobre autoridades, docentes, plan de estudios y otra info de inter\u00e9s:<\/strong><br><a href=\"https:\/\/bit.ly\/3o6r7ZR\" target=\"_blank\" rel=\"noreferrer noopener\">&nbsp;https:\/\/bit.ly\/3o6r7ZR<\/a><\/p>\n\n\n\n<p><strong>Quienes deseen contar con mayor informaci\u00f3n sobre la propuesta pueden comunicarse v\u00eda correo electr\u00f3nico a&nbsp;<a href=\"mailto:cciteducacion@gmail.com\" target=\"_blank\" rel=\"noreferrer noopener\">cciteducacion@gmail.com<\/a>&nbsp;o por whatsapp al 3329 599000 en nuestras redes sociales o en las secciones correspondientes en&nbsp;<a href=\"http:\/\/www.centrodecomercio.org.ar\/\" target=\"_blank\" rel=\"noreferrer noopener\">www.centrodecomercio.org.ar<\/a>.&nbsp; Adem\u00e1s quienes no sean socios pueden recibir informaci\u00f3n sobre c\u00f3mo asociarse con un 20% de descuento en la cuota mensual.<\/strong><\/p>\n","protected":false},"excerpt":{"rendered":"<p>Ultimas vacantes para el Posgrado de Marketing y Ventas a trav\u00e9s del CCIT El pr\u00f3ximo martes 23 de marzo dar\u00e1 comienzo el curso de posgrado virtual en Direcci\u00f3n de Marketing Estrat\u00e9gico e Innovaci\u00f3n en Ventas que dictar\u00e1 de manera 100% virtual la Universidad Nacional de Tres de Febrero y que est\u00e1 siendo promocionado a nivel [&hellip;]<\/p>\n","protected":false},"author":4,"featured_media":77099,"comment_status":"open","ping_status":"closed","sticky":false,"template":"","format":"standard","meta":{"om_disable_all_campaigns":false,"_jetpack_memberships_contains_paid_content":false,"footnotes":""},"categories":[2],"tags":[],"class_list":["post-89052","post","type-post","status-publish","format-standard","has-post-thumbnail","hentry","category-locales"],"aioseo_notices":[],"gutentor_comment":0,"jetpack_featured_media_url":"https:\/\/eldiariodesanpedro.com.ar\/sitio\/wp-content\/uploads\/2020\/07\/centro-de-comercio-e-industria_3.jpg","jetpack_shortlink":"https:\/\/wp.me\/p6RhLt-nak","jetpack_sharing_enabled":true,"_links":{"self":[{"href":"https:\/\/eldiariodesanpedro.com.ar\/sitio\/wp-json\/wp\/v2\/posts\/89052","targetHints":{"allow":["GET"]}}],"collection":[{"href":"https:\/\/eldiariodesanpedro.com.ar\/sitio\/wp-json\/wp\/v2\/posts"}],"about":[{"href":"https:\/\/eldiariodesanpedro.com.ar\/sitio\/wp-json\/wp\/v2\/types\/post"}],"author":[{"embeddable":true,"href":"https:\/\/eldiariodesanpedro.com.ar\/sitio\/wp-json\/wp\/v2\/users\/4"}],"replies":[{"embeddable":true,"href":"https:\/\/eldiariodesanpedro.com.ar\/sitio\/wp-json\/wp\/v2\/comments?post=89052"}],"version-history":[{"count":1,"href":"https:\/\/eldiariodesanpedro.com.ar\/sitio\/wp-json\/wp\/v2\/posts\/89052\/revisions"}],"predecessor-version":[{"id":89053,"href":"https:\/\/eldiariodesanpedro.com.ar\/sitio\/wp-json\/wp\/v2\/posts\/89052\/revisions\/89053"}],"wp:featuredmedia":[{"embeddable":true,"href":"https:\/\/eldiariodesanpedro.com.ar\/sitio\/wp-json\/wp\/v2\/media\/77099"}],"wp:attachment":[{"href":"https:\/\/eldiariodesanpedro.com.ar\/sitio\/wp-json\/wp\/v2\/media?parent=89052"}],"wp:term":[{"taxonomy":"category","embeddable":true,"href":"https:\/\/eldiariodesanpedro.com.ar\/sitio\/wp-json\/wp\/v2\/categories?post=89052"},{"taxonomy":"post_tag","embeddable":true,"href":"https:\/\/eldiariodesanpedro.com.ar\/sitio\/wp-json\/wp\/v2\/tags?post=89052"}],"curies":[{"name":"wp","href":"https:\/\/api.w.org\/{rel}","templated":true}]}}