{"id":89049,"date":"2021-03-11T19:49:57","date_gmt":"2021-03-11T22:49:57","guid":{"rendered":"https:\/\/eldiariodesanpedro.com.ar\/sitio\/?p=89049"},"modified":"2021-03-11T19:50:03","modified_gmt":"2021-03-11T22:50:03","slug":"san-pedro-dentro-del-programa-de-accion-alas-turismo-para-apoyar-a-los-prestadores","status":"publish","type":"post","link":"https:\/\/eldiariodesanpedro.com.ar\/sitio\/san-pedro-dentro-del-programa-de-accion-alas-turismo-para-apoyar-a-los-prestadores\/","title":{"rendered":"San Pedro dentro del programa de acci\u00f3n ALAS-TURISMO para apoyar a los prestadores"},"content":{"rendered":"<!-- VideographyWP Plugin Message: Automatic video embedding prevented by plugin options. -->\n\n<p>La Secretaria de Turismo Marcela Cu\u00f1er y la Coordinadora local de la Oficina de Empleo, Dra. Fabiana Nodar, participaron este mi\u00e9rcoles 10 de marzo de la presentaci\u00f3n de las actividades comprendidas en el programa de Acci\u00f3n ALAS-Turismo.<\/p>\n\n\n\n<p>El mismo es impulsado por las subsecretar\u00edas de Empleo del Ministerio de Trabajo y la de Turismo perteneciente al ministerio de Producci\u00f3n, Ciencia e Innovaci\u00f3n Productiva.<\/p>\n\n\n\n<p>La ministra de trabajo de la provincia Mara Ruiz Malec y la de subsecretaria de turismo Ianina Bak compartieron los detalles a trav\u00e9s de una videoconferencia en la que estuvieron representados los Pueblos Tur\u00edsticos que est\u00e1n comprendidos dentro de esta etapa de la iniciativa.<\/p>\n\n\n\n<p>Las 31 peque\u00f1as localidades que forman parte del programa Pueblos Tur\u00edsticos se distribuyen seg\u00fan su cercan\u00eda a la Ciudad de Buenos Aires, a Mar del Plata o a Bah\u00eda Blanca. En el relevamiento preliminar de prestadores, se identificaron m\u00e1s de 600 potenciales beneficiarios.<\/p>\n\n\n\n<p>Adem\u00e1s de San Pedro, estuvieron conectados a esta charla representantes de los municipios de San Andr\u00e9s de Giles, Luj\u00e1n, Saladillo, Ramallo, Zarate, Carmen de Areco, Ensenada, Brandsen, 9 de julio, Roque P\u00e9rez, Las Flores, Punta Indio, Rojas, Baradero, Ca\u00f1uelas, San Antonio de Areco, Lobos, Benito Ju\u00e1rez, Tandil, General Alvarado, Balcarce, Patagones, A. G. Chaves, Tres Arroyos, Saavedra, Guamin\u00ed, Coronel Pringles, Tornquist, y Coronel Suarez.<\/p>\n\n\n\n<p>El Programa tiene como objetivo fomentar el desarrollo de los prestadores tur\u00edsticos de los pueblos bonaerenses y tanto desde el \u00e1rea de Trabajo como de Turismo est\u00e1n planteadas acciones conjuntas para la formalizaci\u00f3n y apoyo a los emprendimientos de las localidades participantes.<\/p>\n\n\n\n<p>Del evento participaron, adem\u00e1s, la subsecretaria de Empleo, M\u00f3nica Muscolino, la directora provincial de Empleo, Franca Venturi, y el director provincial de Innovaci\u00f3n Estrat\u00e9gica en Turismo, Pablo Cabeza.<\/p>\n\n\n\n<p>Una de las acciones concretas es facilitar e incentivar el ingreso de los prestadores como Unidades Econ\u00f3micas de Actividades Laborales de Autoempleo y Subsistencia (ALAS) seg\u00fan Ley Provincial 13.136.<\/p>\n\n\n\n<p>Con este encuadre el gobierno provincial puede aplicar medidas para contribuir al desarrollo del turismo de base comunitaria como un factor generador de empleo y dinamizador de la producci\u00f3n local.<\/p>\n\n\n\n<p>En este sentido, el programa prev\u00e9 el relevamiento de los potenciales beneficiarios, una campa\u00f1a de promoci\u00f3n, la tramitaci\u00f3n de la exenci\u00f3n de Ingresos Brutos, la suscripci\u00f3n de acuerdo con los municipios para la implementaci\u00f3n de los beneficios en la ley ALAS, el acompa\u00f1amiento de los beneficios y un monitoreo posterior de su desempe\u00f1o.<\/p>\n","protected":false},"excerpt":{"rendered":"<p>La Secretaria de Turismo Marcela Cu\u00f1er y la Coordinadora local de la Oficina de Empleo, Dra. Fabiana Nodar, participaron este mi\u00e9rcoles 10 de marzo de la presentaci\u00f3n de las actividades comprendidas en el programa de Acci\u00f3n ALAS-Turismo. El mismo es impulsado por las subsecretar\u00edas de Empleo del Ministerio de Trabajo y la de Turismo perteneciente [&hellip;]<\/p>\n","protected":false},"author":4,"featured_media":89050,"comment_status":"open","ping_status":"closed","sticky":false,"template":"","format":"standard","meta":{"om_disable_all_campaigns":false,"_jetpack_memberships_contains_paid_content":false,"footnotes":""},"categories":[101,2],"tags":[],"class_list":["post-89049","post","type-post","status-publish","format-standard","has-post-thumbnail","hentry","category-interes-general-locales","category-locales"],"aioseo_notices":[],"gutentor_comment":0,"jetpack_featured_media_url":"https:\/\/eldiariodesanpedro.com.ar\/sitio\/wp-content\/uploads\/2021\/03\/WhatsApp-Image-2021-03-11-at-19.20.58.jpeg","jetpack_shortlink":"https:\/\/wp.me\/p6RhLt-nah","jetpack_sharing_enabled":true,"_links":{"self":[{"href":"https:\/\/eldiariodesanpedro.com.ar\/sitio\/wp-json\/wp\/v2\/posts\/89049","targetHints":{"allow":["GET"]}}],"collection":[{"href":"https:\/\/eldiariodesanpedro.com.ar\/sitio\/wp-json\/wp\/v2\/posts"}],"about":[{"href":"https:\/\/eldiariodesanpedro.com.ar\/sitio\/wp-json\/wp\/v2\/types\/post"}],"author":[{"embeddable":true,"href":"https:\/\/eldiariodesanpedro.com.ar\/sitio\/wp-json\/wp\/v2\/users\/4"}],"replies":[{"embeddable":true,"href":"https:\/\/eldiariodesanpedro.com.ar\/sitio\/wp-json\/wp\/v2\/comments?post=89049"}],"version-history":[{"count":1,"href":"https:\/\/eldiariodesanpedro.com.ar\/sitio\/wp-json\/wp\/v2\/posts\/89049\/revisions"}],"predecessor-version":[{"id":89051,"href":"https:\/\/eldiariodesanpedro.com.ar\/sitio\/wp-json\/wp\/v2\/posts\/89049\/revisions\/89051"}],"wp:featuredmedia":[{"embeddable":true,"href":"https:\/\/eldiariodesanpedro.com.ar\/sitio\/wp-json\/wp\/v2\/media\/89050"}],"wp:attachment":[{"href":"https:\/\/eldiariodesanpedro.com.ar\/sitio\/wp-json\/wp\/v2\/media?parent=89049"}],"wp:term":[{"taxonomy":"category","embeddable":true,"href":"https:\/\/eldiariodesanpedro.com.ar\/sitio\/wp-json\/wp\/v2\/categories?post=89049"},{"taxonomy":"post_tag","embeddable":true,"href":"https:\/\/eldiariodesanpedro.com.ar\/sitio\/wp-json\/wp\/v2\/tags?post=89049"}],"curies":[{"name":"wp","href":"https:\/\/api.w.org\/{rel}","templated":true}]}}