{"id":89037,"date":"2021-03-11T18:51:35","date_gmt":"2021-03-11T21:51:35","guid":{"rendered":"https:\/\/eldiariodesanpedro.com.ar\/sitio\/?p=89037"},"modified":"2021-03-11T18:51:43","modified_gmt":"2021-03-11T21:51:43","slug":"la-chabona-presento-a-su-abogado-fernando-burlando-para-hacerle-juicio-al-padre-de-su-hijo-por-la-mantencion","status":"publish","type":"post","link":"https:\/\/eldiariodesanpedro.com.ar\/sitio\/la-chabona-presento-a-su-abogado-fernando-burlando-para-hacerle-juicio-al-padre-de-su-hijo-por-la-mantencion\/","title":{"rendered":"La Chabona presento a su abogado Fernando Burlando para hacerle juicio al padre de su hijo por la mantenci\u00f3n"},"content":{"rendered":"<!-- VideographyWP Plugin Message: Automatic video embedding prevented by plugin options. -->\n\n<p>La reconocida \u00abChabona\u00bb que se hizo famosa a trav\u00e9s de las rede sociales subi\u00f3 un video a trav\u00e9s de su cuenta de Instagram y Tic Tok donde presento a el reconocido estudio de abogados Fernando Burlando para llevar a cabo el juicio por la mantenci\u00f3n de su hijo. <\/p>\n\n\n\n<p>\u00abPara vos gato, para vos gil que dejaste tirado a mi hijo Junior, mir\u00e1 gato te re cabi\u00f3, \u00bfmir\u00e1 con qui\u00e9n estoy ahora?\u00bb, arranca diciendo La Chabona desde el estudio de Burlando en Puerto Madero, mientras \u00e9l la observa.<\/p>\n\n\n\n<p>\u00abCon mi abogado Burlando, \u00bfno vale nada?\u00bb, remata la mujer \u00abBueno, ahora a ponerse las pilas\u00bb, agrega el letrado mirando a c\u00e1mara tras bajarse el barbijo y abrazar a su nueva representada.<\/p>\n\n\n\n<figure class=\"wp-block-embed-instagram wp-block-embed is-type-rich is-provider-gestor-del-servicio\"><div class=\"wp-block-embed__wrapper\">\nhttps:\/\/www.instagram.com\/p\/CMQ0ySYj-E6\/?utm_source=ig_web_copy_link\n<\/div><\/figure>\n","protected":false},"excerpt":{"rendered":"<p>La reconocida \u00abChabona\u00bb que se hizo famosa a trav\u00e9s de las rede sociales subi\u00f3 un video a trav\u00e9s de su cuenta de Instagram y Tic Tok donde presento a el reconocido estudio de abogados Fernando Burlando para llevar a cabo el juicio por la mantenci\u00f3n de su hijo. \u00abPara vos gato, para vos gil que [&hellip;]<\/p>\n","protected":false},"author":4,"featured_media":89038,"comment_status":"open","ping_status":"closed","sticky":false,"template":"","format":"standard","meta":{"om_disable_all_campaigns":false,"_jetpack_memberships_contains_paid_content":false,"footnotes":""},"categories":[101,2],"tags":[],"class_list":["post-89037","post","type-post","status-publish","format-standard","has-post-thumbnail","hentry","category-interes-general-locales","category-locales"],"aioseo_notices":[],"gutentor_comment":0,"jetpack_featured_media_url":"https:\/\/eldiariodesanpedro.com.ar\/sitio\/wp-content\/uploads\/2021\/03\/Sin-titulo-2.jpg","jetpack_shortlink":"https:\/\/wp.me\/p6RhLt-na5","jetpack_sharing_enabled":true,"_links":{"self":[{"href":"https:\/\/eldiariodesanpedro.com.ar\/sitio\/wp-json\/wp\/v2\/posts\/89037","targetHints":{"allow":["GET"]}}],"collection":[{"href":"https:\/\/eldiariodesanpedro.com.ar\/sitio\/wp-json\/wp\/v2\/posts"}],"about":[{"href":"https:\/\/eldiariodesanpedro.com.ar\/sitio\/wp-json\/wp\/v2\/types\/post"}],"author":[{"embeddable":true,"href":"https:\/\/eldiariodesanpedro.com.ar\/sitio\/wp-json\/wp\/v2\/users\/4"}],"replies":[{"embeddable":true,"href":"https:\/\/eldiariodesanpedro.com.ar\/sitio\/wp-json\/wp\/v2\/comments?post=89037"}],"version-history":[{"count":1,"href":"https:\/\/eldiariodesanpedro.com.ar\/sitio\/wp-json\/wp\/v2\/posts\/89037\/revisions"}],"predecessor-version":[{"id":89039,"href":"https:\/\/eldiariodesanpedro.com.ar\/sitio\/wp-json\/wp\/v2\/posts\/89037\/revisions\/89039"}],"wp:featuredmedia":[{"embeddable":true,"href":"https:\/\/eldiariodesanpedro.com.ar\/sitio\/wp-json\/wp\/v2\/media\/89038"}],"wp:attachment":[{"href":"https:\/\/eldiariodesanpedro.com.ar\/sitio\/wp-json\/wp\/v2\/media?parent=89037"}],"wp:term":[{"taxonomy":"category","embeddable":true,"href":"https:\/\/eldiariodesanpedro.com.ar\/sitio\/wp-json\/wp\/v2\/categories?post=89037"},{"taxonomy":"post_tag","embeddable":true,"href":"https:\/\/eldiariodesanpedro.com.ar\/sitio\/wp-json\/wp\/v2\/tags?post=89037"}],"curies":[{"name":"wp","href":"https:\/\/api.w.org\/{rel}","templated":true}]}}