{"id":89034,"date":"2021-03-11T18:16:09","date_gmt":"2021-03-11T21:16:09","guid":{"rendered":"https:\/\/eldiariodesanpedro.com.ar\/sitio\/?p=89034"},"modified":"2021-03-11T18:16:21","modified_gmt":"2021-03-11T21:16:21","slug":"pablo-guacone-hubo-temas-muchos-mas-importantes-que-los-que-me-cuestionaban-pero-no-interpelaron-a-nadie","status":"publish","type":"post","link":"https:\/\/eldiariodesanpedro.com.ar\/sitio\/pablo-guacone-hubo-temas-muchos-mas-importantes-que-los-que-me-cuestionaban-pero-no-interpelaron-a-nadie\/","title":{"rendered":"Pablo Guacone: \u201cHubo temas muchos m\u00e1s importantes que los que me cuestionaban pero no interpelaron a nadie\u201d"},"content":{"rendered":"<!-- VideographyWP Plugin Message: Automatic video embedding prevented by plugin options. -->\n\n<p>El ex Intendente habl\u00f3 por primera vez despu\u00e9s que dej\u00f3 el cargo en el 2015. Lo hizo en el aire de FM G\u00e9nesis revelando detalles de su vida privada y c\u00f3mo atraves\u00f3 aquel per\u00edodo. \u201cTengo la conciencia tranquila, comet\u00ed errores por tratar de hacer cosas, no por cagarle la vida a alguno\u201d, dijo.<\/p>\n\n\n\n<p>Tras superar la etapa en la debi\u00f3 afrontar la salida de un cargo tan importante como el de Intendente y asimilar el golpe an\u00edmico que le provoc\u00f3, el ex jefe comunal de San Pedro Pablo Guacone habl\u00f3 y revel\u00f3 detalles de su experiencia pol\u00edtica.<\/p>\n\n\n\n<p>Se defini\u00f3 como un apasionado al trabajo y no eludi\u00f3 ninguna pregunta relacionada con su actividad gubernamental como tambi\u00e9n algunas cuestiones de su vida privada que le toc\u00f3 atravesar en plena gesti\u00f3n. \u00a0\u00a0\u00a0<\/p>\n\n\n\n<p>A 10 a\u00f1os de la interpelaci\u00f3n que el bloque de concejales de la oposici\u00f3n propuso el ex Intendente no eludi\u00f3 hablar del tema y hacer hincapi\u00e9 en que en todos estos a\u00f1os hubo episodios muchos m\u00e1s graves y ning\u00fan concejal dijo nada.<\/p>\n\n\n\n<p>En el inicio de la entrevista realizada en los estudios de FM G\u00e9nesis, Guacone se refiri\u00f3 a su salud y c\u00f3mo super\u00f3 los obst\u00e1culos que se le fueron presentando en aquel momento. \u201cMe afect\u00f3 much\u00edsimo, tuve una depresi\u00f3n muy grande\u201d, comenz\u00f3 diciendo.<\/p>\n\n\n\n<p>\u201cEstuve con tratamiento, con pensamientos oscuros, no se lo deseo a nadie, porque no tengo enemigos pero si los tuviese no se lo desear\u00eda\u201d, se\u00f1al\u00f3. \u201cFue un momento dificil\u00edsimo, en lo personal y en lo familiar\u201d.<\/p>\n\n\n\n<p>\u201cSoy muy creyente, no soy practicante pero rezo todas las ma\u00f1anas y le agradezco a dios todos los d\u00edas estar de pie, y levantarme ma\u00f1ana y poder ir a trabajar, y lo digo con el coraz\u00f3n\u201d.<\/p>\n\n\n\n<p>\u201cSiempre he sido frontal y siento que estoy m\u00e1s all\u00e1 de todo, y que he tenido la libertad de decir las cosas a m\u00ed modo, pero creo que hist\u00f3ricamente en San Pedro, en los \u00faltimos 30 a\u00f1os de la democracia, hablando de interpelaci\u00f3n y comisi\u00f3n investigadora, creo que hubo temas mucho m\u00e1s importantes que los que a m\u00ed me cuestionaban y sin embargo no pas\u00f3 absolutamente nada\u201d.<\/p>\n\n\n\n<p>\u201cLo que s\u00ed recuerdo muy bien es que cuando me encontraba con otros intendentes el comentario obligado era, c\u00f3mo estas con el concejo? yo les contestaba que ten\u00eda minor\u00eda, y bueno, no puedo decir lo que me contestaban porque es irreproducible, y qu\u00e9 raz\u00f3n que ten\u00edan\u201d, subray\u00f3.<\/p>\n\n\n\n<p>\u201cEs muy f\u00e1cil echarle la culpa a los dem\u00e1s, pero no es mi estilo. La verdad que comet\u00ed muchos errores, no tuve la cintura pol\u00edtica que tienen otros que te fuman un atado de cigarrillos abajo del agua, pero s\u00ed soy sincero, todo lo que hice, bien o mal, lo hice con mucha fuerza de voluntad, un empe\u00f1o, unas ganas, con una pasi\u00f3n, como lo hago en mi vida, y por sobre todo con honestidad, aunque suene un poco soberbio\u201d.<\/p>\n\n\n\n<p>\u201cHoy puedo andar con la cabeza bien alta por la calle, trabajando, porque s\u00e9 que tengo la conciencia tranquila, obviamente que comet\u00ed errores pero los comet\u00ed por tratar de hacer, no por tratar de cagarle la vida a alguno\u201d, destac\u00f3 Guacone.<\/p>\n\n\n\n<p>\u201cA mis secretarios los eleg\u00ed yo, y no lo dudaba y donde ten\u00eda dudas lo sacaba del plantel, pero el \u00fanico responsable era yo porque era el que los eleg\u00eda. Yo confiaba en su desempe\u00f1o y en su compromiso. Siempre digo que hay que estar en esa funci\u00f3n\u201d. \u201cPor ejemplo, en cinco a\u00f1os no me tom\u00e9 un solo d\u00eda de vacaciones y s\u00e9 que est\u00e1 mal, pero yo sent\u00eda que no pod\u00eda estar ni un solo d\u00eda afuera de mi San Pedro querido\u201d.<\/p>\n\n\n\n<p>\u201cSoy una persona que me hago mucha mala sangre, muy autocritico y perfeccionista y eso me llev\u00f3 a cometer errores, pero bueno, es un cumulo de cosas y seguramente con minor\u00eda en el concejo pensaban solo en c\u00f3mo hacer para voltearme\u201d.<\/p>\n\n\n\n<p>\u201cNunca fui del doble discurso y cada uno se tiene que hacer cargo de sus hechos. Con Julio Debido tuve una excelente relaci\u00f3n, y con \u00e9l consegu\u00ed el arreglo de toda la ruta 1001 y el arreglo de toda la 1001\u201d, dijo golpe\u00e1ndose el pecho. \u201cNo nos olvidemos que antes de las Paso del 2015 estaban todas las maquinas apostadas en el Autom\u00f3vil Club de R\u00edo Tala para empezar las obras y el Intendente que las gestion\u00f3 fui yo\u201d.<\/p>\n\n\n\n<p>Con respecto a la relaci\u00f3n con el actual Intendente, Guacone se\u00f1al\u00f3: \u201cYo me saludo con todo el mundo, y con Cecilio (Salazar) no tengo ning\u00fan problema, siempre lo digo, obviamente que uno desea que le vaya bien, lo que no puedo entender de Cecilio (Salazar) es que haya estado con Macri, pero hoy tiene una buena relaci\u00f3n con el gobierno nacional y provincial y me parece fant\u00e1stico, y que le pueda sacar el mayor provecho posible por el bien de San Pedro\u201d, remarc\u00f3.<\/p>\n\n\n\n<p>\u201cEn cambio cuando yo consegu\u00eda un subsidio en provincia o naci\u00f3n me lo ten\u00eda 8 meses en tratamiento en el Concejo y no se daban cuenta que lo \u00fanico que hac\u00edan era cagarse en la gente\u201d.<\/p>\n\n\n\n<p>En cuanto a su actualidad pol\u00edtica se\u00f1al\u00f3 dijo que \u201cest\u00e1 colaborando con una gran persona\u201d. \u201cPor ejemplo en mi gesti\u00f3n pudimos concretar la instalaci\u00f3n del centro de monitoreo. Tengo una gran relaci\u00f3n con Sergio Berni y su esposa Agustina Propato a quienes conozco desde hace muchos a\u00f1os. Es un dirigente con compromiso, lealtad, inteligencia, con un alto compromiso. Berni es la envidia de muchos pol\u00edticos con aspiraciones, es un candidato muy firme para el 2013\u201d.&nbsp;<\/p>\n\n\n\n<p>\u201cYo no voy a volver a ser candidato a Intendente, pero a m\u00ed me apasiona la pol\u00edtica\u201d, se\u00f1al\u00f3 y no descart\u00f3 ir como candidato a concejal.<\/p>\n\n\n\n<p>Cuando se lo consult\u00f3 sobre su salida de la Intendencia fue como un golpe de estado respondi\u00f3\u2026 \u201cDej\u00e1melo pensar\u201d.<\/p>\n\n\n\n<p>Sobre el cierre de la nota habl\u00f3 de su familia y hasta reconoci\u00f3 que durante su etapa como Intendente tuvo algunos inconvenientes que pag\u00f3 muy caro; record\u00f3 a sus hijas, \u201cSon mis ojos y mi luz\u201d, dijo, y a su madre\u2026 \u201cLa veterana con 86 a\u00f1os, vuelvo todos los d\u00edas a mi casa y me espera con un plato de comida\u201d, destac\u00f3 emocionado.<\/p>\n\n\n\n<p>Fuente: <a href=\"https:\/\/www.sanpedroinforma.com.ar\/nota\/124063\/sociedad\/pablo-guacone-hubo-temas-muchos-mas-importantes-que-los-que-me-cuestionaban-pero-no-interpelaron-a-nadie.html\">San Pedro Informa<\/a><\/p>\n","protected":false},"excerpt":{"rendered":"<p>El ex Intendente habl\u00f3 por primera vez despu\u00e9s que dej\u00f3 el cargo en el 2015. Lo hizo en el aire de FM G\u00e9nesis revelando detalles de su vida privada y c\u00f3mo atraves\u00f3 aquel per\u00edodo. \u201cTengo la conciencia tranquila, comet\u00ed errores por tratar de hacer cosas, no por cagarle la vida a alguno\u201d, dijo. Tras superar [&hellip;]<\/p>\n","protected":false},"author":4,"featured_media":89035,"comment_status":"open","ping_status":"closed","sticky":false,"template":"","format":"standard","meta":{"om_disable_all_campaigns":false,"_jetpack_memberships_contains_paid_content":false,"footnotes":""},"categories":[101,2],"tags":[],"class_list":["post-89034","post","type-post","status-publish","format-standard","has-post-thumbnail","hentry","category-interes-general-locales","category-locales"],"aioseo_notices":[],"gutentor_comment":0,"jetpack_featured_media_url":"https:\/\/eldiariodesanpedro.com.ar\/sitio\/wp-content\/uploads\/2021\/03\/000090424.png","jetpack_shortlink":"https:\/\/wp.me\/p6RhLt-na2","jetpack_sharing_enabled":true,"_links":{"self":[{"href":"https:\/\/eldiariodesanpedro.com.ar\/sitio\/wp-json\/wp\/v2\/posts\/89034","targetHints":{"allow":["GET"]}}],"collection":[{"href":"https:\/\/eldiariodesanpedro.com.ar\/sitio\/wp-json\/wp\/v2\/posts"}],"about":[{"href":"https:\/\/eldiariodesanpedro.com.ar\/sitio\/wp-json\/wp\/v2\/types\/post"}],"author":[{"embeddable":true,"href":"https:\/\/eldiariodesanpedro.com.ar\/sitio\/wp-json\/wp\/v2\/users\/4"}],"replies":[{"embeddable":true,"href":"https:\/\/eldiariodesanpedro.com.ar\/sitio\/wp-json\/wp\/v2\/comments?post=89034"}],"version-history":[{"count":1,"href":"https:\/\/eldiariodesanpedro.com.ar\/sitio\/wp-json\/wp\/v2\/posts\/89034\/revisions"}],"predecessor-version":[{"id":89036,"href":"https:\/\/eldiariodesanpedro.com.ar\/sitio\/wp-json\/wp\/v2\/posts\/89034\/revisions\/89036"}],"wp:featuredmedia":[{"embeddable":true,"href":"https:\/\/eldiariodesanpedro.com.ar\/sitio\/wp-json\/wp\/v2\/media\/89035"}],"wp:attachment":[{"href":"https:\/\/eldiariodesanpedro.com.ar\/sitio\/wp-json\/wp\/v2\/media?parent=89034"}],"wp:term":[{"taxonomy":"category","embeddable":true,"href":"https:\/\/eldiariodesanpedro.com.ar\/sitio\/wp-json\/wp\/v2\/categories?post=89034"},{"taxonomy":"post_tag","embeddable":true,"href":"https:\/\/eldiariodesanpedro.com.ar\/sitio\/wp-json\/wp\/v2\/tags?post=89034"}],"curies":[{"name":"wp","href":"https:\/\/api.w.org\/{rel}","templated":true}]}}