{"id":89032,"date":"2021-03-11T18:08:41","date_gmt":"2021-03-11T21:08:41","guid":{"rendered":"https:\/\/eldiariodesanpedro.com.ar\/sitio\/?p=89032"},"modified":"2021-03-11T18:08:46","modified_gmt":"2021-03-11T21:08:46","slug":"vacunacion-reprogramacion-de-turnos-por-problemas-en-la-llegada-de-nuevas-dosis","status":"publish","type":"post","link":"https:\/\/eldiariodesanpedro.com.ar\/sitio\/vacunacion-reprogramacion-de-turnos-por-problemas-en-la-llegada-de-nuevas-dosis\/","title":{"rendered":"Vacunaci\u00f3n: Reprogramaci\u00f3n de turnos por problemas en la llegada de nuevas dosis"},"content":{"rendered":"<!-- VideographyWP Plugin Message: Automatic video embedding prevented by plugin options. -->\n\n<p>La Secretar\u00eda de Salud de la Municipalidad de San Pedro y la coordinaci\u00f3n local del Programa Vacunate PBA informan que por cuestiones de log\u00edstica de transporte, que no pueden ser resueltas a nivel local, se est\u00e1 registrando una demora en la recepci\u00f3n de dosis de vacunas para responder a la asignaci\u00f3n de turnos que ya ha otorgado el sistema.<\/p>\n\n\n\n<p>Ante esta situaci\u00f3n que ser\u00e1 resuelta a la brevedad, se han hecho los reclamos pertinentes ante las autoridades sanitarias y se piden disculpas a los voluntarios y voluntarias que puedan encontrarse ante la postergaci\u00f3n de su vacunaci\u00f3n.<\/p>\n\n\n\n<p>El equipo que trabaja en el programa, est\u00e1 procurando comunicarse con quienes ya tienen turnos asignados para explicar esta contingencia, pero puede ocurrir que con algunos no se llegue a brindar esta informaci\u00f3n antes del turno otorgado, por lo tanto recibir\u00e1n las explicaciones correspondientes en el vacunatorio donde se contin\u00faa trabajando en los horarios habituales.<\/p>\n","protected":false},"excerpt":{"rendered":"<p>La Secretar\u00eda de Salud de la Municipalidad de San Pedro y la coordinaci\u00f3n local del Programa Vacunate PBA informan que por cuestiones de log\u00edstica de transporte, que no pueden ser resueltas a nivel local, se est\u00e1 registrando una demora en la recepci\u00f3n de dosis de vacunas para responder a la asignaci\u00f3n de turnos que ya [&hellip;]<\/p>\n","protected":false},"author":4,"featured_media":88523,"comment_status":"open","ping_status":"closed","sticky":false,"template":"","format":"standard","meta":{"om_disable_all_campaigns":false,"_jetpack_memberships_contains_paid_content":false,"footnotes":""},"categories":[50,101,2],"tags":[],"class_list":["post-89032","post","type-post","status-publish","format-standard","has-post-thumbnail","hentry","category-destacadas","category-interes-general-locales","category-locales"],"aioseo_notices":[],"gutentor_comment":0,"jetpack_featured_media_url":"https:\/\/eldiariodesanpedro.com.ar\/sitio\/wp-content\/uploads\/2021\/03\/20210302085231.jpeg","jetpack_shortlink":"https:\/\/wp.me\/p6RhLt-na0","jetpack_sharing_enabled":true,"_links":{"self":[{"href":"https:\/\/eldiariodesanpedro.com.ar\/sitio\/wp-json\/wp\/v2\/posts\/89032","targetHints":{"allow":["GET"]}}],"collection":[{"href":"https:\/\/eldiariodesanpedro.com.ar\/sitio\/wp-json\/wp\/v2\/posts"}],"about":[{"href":"https:\/\/eldiariodesanpedro.com.ar\/sitio\/wp-json\/wp\/v2\/types\/post"}],"author":[{"embeddable":true,"href":"https:\/\/eldiariodesanpedro.com.ar\/sitio\/wp-json\/wp\/v2\/users\/4"}],"replies":[{"embeddable":true,"href":"https:\/\/eldiariodesanpedro.com.ar\/sitio\/wp-json\/wp\/v2\/comments?post=89032"}],"version-history":[{"count":1,"href":"https:\/\/eldiariodesanpedro.com.ar\/sitio\/wp-json\/wp\/v2\/posts\/89032\/revisions"}],"predecessor-version":[{"id":89033,"href":"https:\/\/eldiariodesanpedro.com.ar\/sitio\/wp-json\/wp\/v2\/posts\/89032\/revisions\/89033"}],"wp:featuredmedia":[{"embeddable":true,"href":"https:\/\/eldiariodesanpedro.com.ar\/sitio\/wp-json\/wp\/v2\/media\/88523"}],"wp:attachment":[{"href":"https:\/\/eldiariodesanpedro.com.ar\/sitio\/wp-json\/wp\/v2\/media?parent=89032"}],"wp:term":[{"taxonomy":"category","embeddable":true,"href":"https:\/\/eldiariodesanpedro.com.ar\/sitio\/wp-json\/wp\/v2\/categories?post=89032"},{"taxonomy":"post_tag","embeddable":true,"href":"https:\/\/eldiariodesanpedro.com.ar\/sitio\/wp-json\/wp\/v2\/tags?post=89032"}],"curies":[{"name":"wp","href":"https:\/\/api.w.org\/{rel}","templated":true}]}}