{"id":89028,"date":"2021-03-11T18:01:54","date_gmt":"2021-03-11T21:01:54","guid":{"rendered":"https:\/\/eldiariodesanpedro.com.ar\/sitio\/?p=89028"},"modified":"2021-03-11T18:01:55","modified_gmt":"2021-03-11T21:01:55","slug":"otra-victima-de-violencia-de-genero-y-van","status":"publish","type":"post","link":"https:\/\/eldiariodesanpedro.com.ar\/sitio\/otra-victima-de-violencia-de-genero-y-van\/","title":{"rendered":"Otra victima de violencia de genero y van &#8230;"},"content":{"rendered":"<!-- VideographyWP Plugin Message: Automatic video embedding prevented by plugin options. -->\n\n<p>A pesar de marchas en contra de la violencia, avisos reiterados en todos los canales de televisi\u00f3n y endurecimiento de las leyes, la violencia de genero continua, en este caso una joven es golpeada salvajemente por su pareja y lo publico a a trav\u00e9s de las redes sociales.<\/p>\n\n\n\n<p>En este oportunidad una joven de 32 a\u00f1os publico a trav\u00e9s de su cuenta una foto donde se puede ver con la cara muy da\u00f1ada por los golpes recibidos por su actual pareja con la que son convivientes.<\/p>\n\n\n\n<p>El hecho ocurri\u00f3 cuando circulaban por la v\u00eda y tras una fuerte discusi\u00f3n su pareja comenz\u00f3 a golpearla en frente de su hijo.<\/p>\n\n\n\n<p>Ella escribio en su cuenta de facebook; \u00ab<em>Me odio por pensar que no era nada y que iba a cambiar,el que te golpea lo va\u00a0 hacer una, dos y muchas veces m\u00e1s\u00a0 &#8230;no perdonen chicas !!!<br>Empiezan as\u00ed despu\u00e9s te matan !!<br>Mira como me dejaste y delante de mi hijo y no es la primera vez ,te gusta pegarle a las mujeres espero que te guste cuando te lleven preso rata inmunda !!\u00bb<\/em><\/p>\n\n\n\n<p>La victima realizo esta tarde la correspondiente denuncia en la Comisaria de a Mujer y la Familia donde fue r\u00e1pidamente asistida y se toman las medidas correspondiente con el agresor.<\/p>\n\n\n\n<figure class=\"wp-block-image size-large\"><img decoding=\"async\" width=\"768\" height=\"1024\" data-attachment-id=\"89029\" data-permalink=\"https:\/\/eldiariodesanpedro.com.ar\/sitio\/otra-victima-de-violencia-de-genero-y-van\/159959593_1823162211185788_5792518683157122651_o\/\" data-orig-file=\"https:\/\/eldiariodesanpedro.com.ar\/sitio\/wp-content\/uploads\/2021\/03\/159959593_1823162211185788_5792518683157122651_o.jpg\" data-orig-size=\"960,1280\" data-comments-opened=\"1\" data-image-meta=\"{&quot;aperture&quot;:&quot;0&quot;,&quot;credit&quot;:&quot;&quot;,&quot;camera&quot;:&quot;&quot;,&quot;caption&quot;:&quot;&quot;,&quot;created_timestamp&quot;:&quot;0&quot;,&quot;copyright&quot;:&quot;&quot;,&quot;focal_length&quot;:&quot;0&quot;,&quot;iso&quot;:&quot;0&quot;,&quot;shutter_speed&quot;:&quot;0&quot;,&quot;title&quot;:&quot;&quot;,&quot;orientation&quot;:&quot;0&quot;}\" data-image-title=\"159959593_1823162211185788_5792518683157122651_o\" data-image-description=\"\" data-image-caption=\"\" data-large-file=\"https:\/\/eldiariodesanpedro.com.ar\/sitio\/wp-content\/uploads\/2021\/03\/159959593_1823162211185788_5792518683157122651_o-768x1024.jpg\" data-src=\"https:\/\/eldiariodesanpedro.com.ar\/sitio\/wp-content\/uploads\/2021\/03\/159959593_1823162211185788_5792518683157122651_o-768x1024.jpg\" alt=\"\" class=\"wp-image-89029 lazyload\" data-srcset=\"https:\/\/eldiariodesanpedro.com.ar\/sitio\/wp-content\/uploads\/2021\/03\/159959593_1823162211185788_5792518683157122651_o-768x1024.jpg 768w, https:\/\/eldiariodesanpedro.com.ar\/sitio\/wp-content\/uploads\/2021\/03\/159959593_1823162211185788_5792518683157122651_o-225x300.jpg 225w, https:\/\/eldiariodesanpedro.com.ar\/sitio\/wp-content\/uploads\/2021\/03\/159959593_1823162211185788_5792518683157122651_o.jpg 960w\" data-sizes=\"(max-width: 768px) 100vw, 768px\" src=\"data:image\/svg+xml;base64,PHN2ZyB3aWR0aD0iMSIgaGVpZ2h0PSIxIiB4bWxucz0iaHR0cDovL3d3dy53My5vcmcvMjAwMC9zdmciPjwvc3ZnPg==\" style=\"--smush-placeholder-width: 768px; --smush-placeholder-aspect-ratio: 768\/1024;\" \/><\/figure>\n","protected":false},"excerpt":{"rendered":"<p>A pesar de marchas en contra de la violencia, avisos reiterados en todos los canales de televisi\u00f3n y endurecimiento de las leyes, la violencia de genero continua, en este caso una joven es golpeada salvajemente por su pareja y lo publico a a trav\u00e9s de las redes sociales. En este oportunidad una joven de 32 [&hellip;]<\/p>\n","protected":false},"author":4,"featured_media":89030,"comment_status":"open","ping_status":"closed","sticky":false,"template":"","format":"standard","meta":{"om_disable_all_campaigns":false,"_jetpack_memberships_contains_paid_content":false,"footnotes":""},"categories":[50,2,103],"tags":[],"class_list":["post-89028","post","type-post","status-publish","format-standard","has-post-thumbnail","hentry","category-destacadas","category-locales","category-policiales-locales"],"aioseo_notices":[],"gutentor_comment":0,"jetpack_featured_media_url":"https:\/\/eldiariodesanpedro.com.ar\/sitio\/wp-content\/uploads\/2021\/03\/Sin-titulo-1-3.jpg","jetpack_shortlink":"https:\/\/wp.me\/p6RhLt-n9W","jetpack_sharing_enabled":true,"_links":{"self":[{"href":"https:\/\/eldiariodesanpedro.com.ar\/sitio\/wp-json\/wp\/v2\/posts\/89028","targetHints":{"allow":["GET"]}}],"collection":[{"href":"https:\/\/eldiariodesanpedro.com.ar\/sitio\/wp-json\/wp\/v2\/posts"}],"about":[{"href":"https:\/\/eldiariodesanpedro.com.ar\/sitio\/wp-json\/wp\/v2\/types\/post"}],"author":[{"embeddable":true,"href":"https:\/\/eldiariodesanpedro.com.ar\/sitio\/wp-json\/wp\/v2\/users\/4"}],"replies":[{"embeddable":true,"href":"https:\/\/eldiariodesanpedro.com.ar\/sitio\/wp-json\/wp\/v2\/comments?post=89028"}],"version-history":[{"count":1,"href":"https:\/\/eldiariodesanpedro.com.ar\/sitio\/wp-json\/wp\/v2\/posts\/89028\/revisions"}],"predecessor-version":[{"id":89031,"href":"https:\/\/eldiariodesanpedro.com.ar\/sitio\/wp-json\/wp\/v2\/posts\/89028\/revisions\/89031"}],"wp:featuredmedia":[{"embeddable":true,"href":"https:\/\/eldiariodesanpedro.com.ar\/sitio\/wp-json\/wp\/v2\/media\/89030"}],"wp:attachment":[{"href":"https:\/\/eldiariodesanpedro.com.ar\/sitio\/wp-json\/wp\/v2\/media?parent=89028"}],"wp:term":[{"taxonomy":"category","embeddable":true,"href":"https:\/\/eldiariodesanpedro.com.ar\/sitio\/wp-json\/wp\/v2\/categories?post=89028"},{"taxonomy":"post_tag","embeddable":true,"href":"https:\/\/eldiariodesanpedro.com.ar\/sitio\/wp-json\/wp\/v2\/tags?post=89028"}],"curies":[{"name":"wp","href":"https:\/\/api.w.org\/{rel}","templated":true}]}}