{"id":89023,"date":"2021-03-11T12:31:39","date_gmt":"2021-03-11T15:31:39","guid":{"rendered":"https:\/\/eldiariodesanpedro.com.ar\/sitio\/?p=89023"},"modified":"2021-03-11T12:31:44","modified_gmt":"2021-03-11T15:31:44","slug":"charla-sobre-el-servicio-para-violencia-familiar-en-rio-tala","status":"publish","type":"post","link":"https:\/\/eldiariodesanpedro.com.ar\/sitio\/charla-sobre-el-servicio-para-violencia-familiar-en-rio-tala\/","title":{"rendered":"Charla sobre el Servicio para Violencia Familiar en Rio Tala"},"content":{"rendered":"<!-- VideographyWP Plugin Message: Automatic video embedding prevented by plugin options. -->\n\n<p>La Secretar\u00eda de Desarrollo Humano, a trav\u00e9s del Servicio de Prevenci\u00f3n contra la Violencia Familiar y el Servicio Local de Promoci\u00f3n y Protecci\u00f3n de los Derechos de Ni\u00f1os, Ni\u00f1as y Adolescentes llev\u00f3 a cabo una reuni\u00f3n con vecinos de la localidad de Rio Tala, en el marco de las jornadas de reflexi\u00f3n y debate sobre la problem\u00e1tica de la Violencia Familiar y de G\u00e9nero, donde se expusieron formas de trabajo y los alcances e intervenciones de las \u00e1reas municipales.<\/p>\n\n\n\n<p>Los profesionales del \u00e1rea intercambiaron ideas para mejorar las pr\u00e1cticas e intervenciones en las problem\u00e1ticas mencionadas, que permitan un mejoramiento y brinden celeridad a las demandas de las familias.<\/p>\n\n\n\n<p>Se diagramaron puntos de trabajo en conjunto, como nuevas masculinidades, noviazgos sin violencia, infancias sin etiquetas, talleres de prevenci\u00f3n y detecci\u00f3n temprana de maltrato infantil.<\/p>\n\n\n\n<p>Del encuentro tambi\u00e9n particip\u00f3 la titular de la Comisaria de la Mujer y la Familia de San Pedro, Crio. Valeria Sosa, que brind\u00f3 detalles del funcionamiento del \u00e1rea.<\/p>\n\n\n\n<p>Agradecemos a los vecinos que se acercaron y estaremos informando la continuidad en las otras localidades del partido.<\/p>\n\n\n\n<p>Cabe recordar que quienes deseen formular denuncias o solicitar informaci\u00f3n pueden comunicarse las 24 horas al (911) (144) y el 4-22-000. (Comisar\u00eda de la Mujer)<\/p>\n","protected":false},"excerpt":{"rendered":"<p>La Secretar\u00eda de Desarrollo Humano, a trav\u00e9s del Servicio de Prevenci\u00f3n contra la Violencia Familiar y el Servicio Local de Promoci\u00f3n y Protecci\u00f3n de los Derechos de Ni\u00f1os, Ni\u00f1as y Adolescentes llev\u00f3 a cabo una reuni\u00f3n con vecinos de la localidad de Rio Tala, en el marco de las jornadas de reflexi\u00f3n y debate sobre [&hellip;]<\/p>\n","protected":false},"author":4,"featured_media":89024,"comment_status":"open","ping_status":"closed","sticky":false,"template":"","format":"standard","meta":{"om_disable_all_campaigns":false,"_jetpack_memberships_contains_paid_content":false,"footnotes":""},"categories":[50,101,2],"tags":[],"class_list":["post-89023","post","type-post","status-publish","format-standard","has-post-thumbnail","hentry","category-destacadas","category-interes-general-locales","category-locales"],"aioseo_notices":[],"gutentor_comment":0,"jetpack_featured_media_url":"https:\/\/eldiariodesanpedro.com.ar\/sitio\/wp-content\/uploads\/2021\/03\/WhatsApp-Image-2021-03-11-at-12.24.52.jpeg","jetpack_shortlink":"https:\/\/wp.me\/p6RhLt-n9R","jetpack_sharing_enabled":true,"_links":{"self":[{"href":"https:\/\/eldiariodesanpedro.com.ar\/sitio\/wp-json\/wp\/v2\/posts\/89023","targetHints":{"allow":["GET"]}}],"collection":[{"href":"https:\/\/eldiariodesanpedro.com.ar\/sitio\/wp-json\/wp\/v2\/posts"}],"about":[{"href":"https:\/\/eldiariodesanpedro.com.ar\/sitio\/wp-json\/wp\/v2\/types\/post"}],"author":[{"embeddable":true,"href":"https:\/\/eldiariodesanpedro.com.ar\/sitio\/wp-json\/wp\/v2\/users\/4"}],"replies":[{"embeddable":true,"href":"https:\/\/eldiariodesanpedro.com.ar\/sitio\/wp-json\/wp\/v2\/comments?post=89023"}],"version-history":[{"count":1,"href":"https:\/\/eldiariodesanpedro.com.ar\/sitio\/wp-json\/wp\/v2\/posts\/89023\/revisions"}],"predecessor-version":[{"id":89025,"href":"https:\/\/eldiariodesanpedro.com.ar\/sitio\/wp-json\/wp\/v2\/posts\/89023\/revisions\/89025"}],"wp:featuredmedia":[{"embeddable":true,"href":"https:\/\/eldiariodesanpedro.com.ar\/sitio\/wp-json\/wp\/v2\/media\/89024"}],"wp:attachment":[{"href":"https:\/\/eldiariodesanpedro.com.ar\/sitio\/wp-json\/wp\/v2\/media?parent=89023"}],"wp:term":[{"taxonomy":"category","embeddable":true,"href":"https:\/\/eldiariodesanpedro.com.ar\/sitio\/wp-json\/wp\/v2\/categories?post=89023"},{"taxonomy":"post_tag","embeddable":true,"href":"https:\/\/eldiariodesanpedro.com.ar\/sitio\/wp-json\/wp\/v2\/tags?post=89023"}],"curies":[{"name":"wp","href":"https:\/\/api.w.org\/{rel}","templated":true}]}}