{"id":89018,"date":"2021-03-11T12:08:10","date_gmt":"2021-03-11T15:08:10","guid":{"rendered":"https:\/\/eldiariodesanpedro.com.ar\/sitio\/?p=89018"},"modified":"2021-03-11T12:08:11","modified_gmt":"2021-03-11T15:08:11","slug":"detenido-por-violencia-de-genero-por-agredir-y-amenazar-a-su-ex-pareja","status":"publish","type":"post","link":"https:\/\/eldiariodesanpedro.com.ar\/sitio\/detenido-por-violencia-de-genero-por-agredir-y-amenazar-a-su-ex-pareja\/","title":{"rendered":"Detenido por Violencia de Genero por agredir y amenazar a su ex pareja"},"content":{"rendered":"<!-- VideographyWP Plugin Message: Automatic video embedding prevented by plugin options. -->\n\n<p>En la tarde de ayer el personal del Gabinete Criminol\u00f3gico de la Comisar\u00eda, dando cumplimiento orden de allanamiento marco lesiones leves y amenazas, iniciadas en la Comisaria de la Mujer y la Familia, se hace presente en calle Las Provincias y F. Quiroga, de San Pedro donde se realiza una diligencia de allanamiento y se procede a la captura de ciudadano de 36 a\u00f1os sobre quien se dispuso una orden de detenci\u00f3n por orden judicial causa menci\u00f3n a requerimiento de fiscal\u00eda N\u00b011 a cargo Dra. Viviana Ramos por orden del Juzgado de Garant\u00edas de San Nicol\u00e1s.&nbsp;<\/p>\n\n\n\n<p>Las actuaciones iniciales se dieron en la comisar\u00eda de la mujer local. El detenido permanece en sede policial a disposici\u00f3n judicial.<\/p>\n","protected":false},"excerpt":{"rendered":"<p>En la tarde de ayer el personal del Gabinete Criminol\u00f3gico de la Comisar\u00eda, dando cumplimiento orden de allanamiento marco lesiones leves y amenazas, iniciadas en la Comisaria de la Mujer y la Familia, se hace presente en calle Las Provincias y F. Quiroga, de San Pedro donde se realiza una diligencia de allanamiento y se [&hellip;]<\/p>\n","protected":false},"author":4,"featured_media":89019,"comment_status":"open","ping_status":"closed","sticky":false,"template":"","format":"standard","meta":{"om_disable_all_campaigns":false,"_jetpack_memberships_contains_paid_content":false,"footnotes":""},"categories":[2,103],"tags":[],"class_list":["post-89018","post","type-post","status-publish","format-standard","has-post-thumbnail","hentry","category-locales","category-policiales-locales"],"aioseo_notices":[],"gutentor_comment":0,"jetpack_featured_media_url":"https:\/\/eldiariodesanpedro.com.ar\/sitio\/wp-content\/uploads\/2021\/03\/WhatsApp-Image-2021-03-11-at-09.46.55.jpeg","jetpack_shortlink":"https:\/\/wp.me\/p6RhLt-n9M","jetpack_sharing_enabled":true,"_links":{"self":[{"href":"https:\/\/eldiariodesanpedro.com.ar\/sitio\/wp-json\/wp\/v2\/posts\/89018","targetHints":{"allow":["GET"]}}],"collection":[{"href":"https:\/\/eldiariodesanpedro.com.ar\/sitio\/wp-json\/wp\/v2\/posts"}],"about":[{"href":"https:\/\/eldiariodesanpedro.com.ar\/sitio\/wp-json\/wp\/v2\/types\/post"}],"author":[{"embeddable":true,"href":"https:\/\/eldiariodesanpedro.com.ar\/sitio\/wp-json\/wp\/v2\/users\/4"}],"replies":[{"embeddable":true,"href":"https:\/\/eldiariodesanpedro.com.ar\/sitio\/wp-json\/wp\/v2\/comments?post=89018"}],"version-history":[{"count":1,"href":"https:\/\/eldiariodesanpedro.com.ar\/sitio\/wp-json\/wp\/v2\/posts\/89018\/revisions"}],"predecessor-version":[{"id":89020,"href":"https:\/\/eldiariodesanpedro.com.ar\/sitio\/wp-json\/wp\/v2\/posts\/89018\/revisions\/89020"}],"wp:featuredmedia":[{"embeddable":true,"href":"https:\/\/eldiariodesanpedro.com.ar\/sitio\/wp-json\/wp\/v2\/media\/89019"}],"wp:attachment":[{"href":"https:\/\/eldiariodesanpedro.com.ar\/sitio\/wp-json\/wp\/v2\/media?parent=89018"}],"wp:term":[{"taxonomy":"category","embeddable":true,"href":"https:\/\/eldiariodesanpedro.com.ar\/sitio\/wp-json\/wp\/v2\/categories?post=89018"},{"taxonomy":"post_tag","embeddable":true,"href":"https:\/\/eldiariodesanpedro.com.ar\/sitio\/wp-json\/wp\/v2\/tags?post=89018"}],"curies":[{"name":"wp","href":"https:\/\/api.w.org\/{rel}","templated":true}]}}