{"id":89015,"date":"2021-03-11T11:58:06","date_gmt":"2021-03-11T14:58:06","guid":{"rendered":"https:\/\/eldiariodesanpedro.com.ar\/sitio\/?p=89015"},"modified":"2021-03-11T11:58:19","modified_gmt":"2021-03-11T14:58:19","slug":"le-secuestraron-la-motocicleta-y-se-pudo-violento-con-las-autoridades","status":"publish","type":"post","link":"https:\/\/eldiariodesanpedro.com.ar\/sitio\/le-secuestraron-la-motocicleta-y-se-pudo-violento-con-las-autoridades\/","title":{"rendered":"Le secuestraron la motocicleta y se pudo violento con las autoridades"},"content":{"rendered":"<!-- VideographyWP Plugin Message: Automatic video embedding prevented by plugin options. -->\n\n<p>Ayer en horas del mediod\u00eda la polic\u00eda de nuestra ciudad se hizo presente en calle Mitre\u00a0 y Obligado\u00a0 donde los efectivos juntamente con Personal de Inspecci\u00f3n Municipal en operativo aprehende a masculino de 18 quien intent\u00f3 evitar secuestro de rodado por falta de documentaci\u00f3n intentando darse a la fuga.\u00a0<\/p>\n\n\n\n<p>El rodado que resultaba motocicleta del tipo 110 cc secuestrado por Juzgado de Faltas y el joven trasladado a la comisar\u00eda local por resistencia de la autoridad.<\/p>\n","protected":false},"excerpt":{"rendered":"<p>Ayer en horas del mediod\u00eda la polic\u00eda de nuestra ciudad se hizo presente en calle Mitre\u00a0 y Obligado\u00a0 donde los efectivos juntamente con Personal de Inspecci\u00f3n Municipal en operativo aprehende a masculino de 18 quien intent\u00f3 evitar secuestro de rodado por falta de documentaci\u00f3n intentando darse a la fuga.\u00a0 El rodado que resultaba motocicleta del [&hellip;]<\/p>\n","protected":false},"author":4,"featured_media":89016,"comment_status":"open","ping_status":"closed","sticky":false,"template":"","format":"standard","meta":{"om_disable_all_campaigns":false,"_jetpack_memberships_contains_paid_content":false,"footnotes":""},"categories":[2,103],"tags":[],"class_list":["post-89015","post","type-post","status-publish","format-standard","has-post-thumbnail","hentry","category-locales","category-policiales-locales"],"aioseo_notices":[],"gutentor_comment":0,"jetpack_featured_media_url":"https:\/\/eldiariodesanpedro.com.ar\/sitio\/wp-content\/uploads\/2021\/03\/WhatsApp-Image-2021-03-11-at-09.44.45.jpeg","jetpack_shortlink":"https:\/\/wp.me\/p6RhLt-n9J","jetpack_sharing_enabled":true,"_links":{"self":[{"href":"https:\/\/eldiariodesanpedro.com.ar\/sitio\/wp-json\/wp\/v2\/posts\/89015","targetHints":{"allow":["GET"]}}],"collection":[{"href":"https:\/\/eldiariodesanpedro.com.ar\/sitio\/wp-json\/wp\/v2\/posts"}],"about":[{"href":"https:\/\/eldiariodesanpedro.com.ar\/sitio\/wp-json\/wp\/v2\/types\/post"}],"author":[{"embeddable":true,"href":"https:\/\/eldiariodesanpedro.com.ar\/sitio\/wp-json\/wp\/v2\/users\/4"}],"replies":[{"embeddable":true,"href":"https:\/\/eldiariodesanpedro.com.ar\/sitio\/wp-json\/wp\/v2\/comments?post=89015"}],"version-history":[{"count":1,"href":"https:\/\/eldiariodesanpedro.com.ar\/sitio\/wp-json\/wp\/v2\/posts\/89015\/revisions"}],"predecessor-version":[{"id":89017,"href":"https:\/\/eldiariodesanpedro.com.ar\/sitio\/wp-json\/wp\/v2\/posts\/89015\/revisions\/89017"}],"wp:featuredmedia":[{"embeddable":true,"href":"https:\/\/eldiariodesanpedro.com.ar\/sitio\/wp-json\/wp\/v2\/media\/89016"}],"wp:attachment":[{"href":"https:\/\/eldiariodesanpedro.com.ar\/sitio\/wp-json\/wp\/v2\/media?parent=89015"}],"wp:term":[{"taxonomy":"category","embeddable":true,"href":"https:\/\/eldiariodesanpedro.com.ar\/sitio\/wp-json\/wp\/v2\/categories?post=89015"},{"taxonomy":"post_tag","embeddable":true,"href":"https:\/\/eldiariodesanpedro.com.ar\/sitio\/wp-json\/wp\/v2\/tags?post=89015"}],"curies":[{"name":"wp","href":"https:\/\/api.w.org\/{rel}","templated":true}]}}