{"id":89008,"date":"2021-03-11T10:43:25","date_gmt":"2021-03-11T13:43:25","guid":{"rendered":"https:\/\/eldiariodesanpedro.com.ar\/sitio\/?p=89008"},"modified":"2021-03-11T11:52:14","modified_gmt":"2021-03-11T14:52:14","slug":"tres-aprehendidos-con-marihuana","status":"publish","type":"post","link":"https:\/\/eldiariodesanpedro.com.ar\/sitio\/tres-aprehendidos-con-marihuana\/","title":{"rendered":"Tres aprehendidos con marihuana"},"content":{"rendered":"<!-- VideographyWP Plugin Message: Automatic video embedding prevented by plugin options. -->\n\n<p>El d\u00eda de ayer, el personal policial de la comisar\u00eda realiz\u00f3 tres procedimientos similares, trasladando de tres puntos del radio urbano de la ciudad, a masculinos mayores de edad, a quienes se le secuestr\u00f3 en su poder sustancia marihuana.\u00a0<\/p>\n\n\n\n<p>Otro procedimiento por el mismo delito se dio en Juan de Garay y San Martin de R\u00edo Tala, donde se aprehendi\u00f3 a un ciudadano de 23 secuestrando en su poder tres bagullos de marihuana con pesaje de 14grs. tambi\u00e9n se labraron actuaciones con intervenci\u00f3n de la justicia local\u00a0<\/p>\n\n\n\n<p>Se labraron actuaciones con intervenci\u00f3n de la fiscal\u00eda local.<\/p>\n","protected":false},"excerpt":{"rendered":"<p>El d\u00eda de ayer, el personal policial de la comisar\u00eda realiz\u00f3 tres procedimientos similares, trasladando de tres puntos del radio urbano de la ciudad, a masculinos mayores de edad, a quienes se le secuestr\u00f3 en su poder sustancia marihuana.\u00a0 Otro procedimiento por el mismo delito se dio en Juan de Garay y San Martin de [&hellip;]<\/p>\n","protected":false},"author":4,"featured_media":66577,"comment_status":"open","ping_status":"closed","sticky":false,"template":"","format":"standard","meta":{"om_disable_all_campaigns":false,"_jetpack_memberships_contains_paid_content":false,"footnotes":""},"categories":[2,103],"tags":[],"class_list":["post-89008","post","type-post","status-publish","format-standard","has-post-thumbnail","hentry","category-locales","category-policiales-locales"],"aioseo_notices":[],"gutentor_comment":0,"jetpack_featured_media_url":"https:\/\/eldiariodesanpedro.com.ar\/sitio\/wp-content\/uploads\/2020\/01\/Poli-detenido-A.png","jetpack_shortlink":"https:\/\/wp.me\/p6RhLt-n9C","jetpack_sharing_enabled":true,"_links":{"self":[{"href":"https:\/\/eldiariodesanpedro.com.ar\/sitio\/wp-json\/wp\/v2\/posts\/89008","targetHints":{"allow":["GET"]}}],"collection":[{"href":"https:\/\/eldiariodesanpedro.com.ar\/sitio\/wp-json\/wp\/v2\/posts"}],"about":[{"href":"https:\/\/eldiariodesanpedro.com.ar\/sitio\/wp-json\/wp\/v2\/types\/post"}],"author":[{"embeddable":true,"href":"https:\/\/eldiariodesanpedro.com.ar\/sitio\/wp-json\/wp\/v2\/users\/4"}],"replies":[{"embeddable":true,"href":"https:\/\/eldiariodesanpedro.com.ar\/sitio\/wp-json\/wp\/v2\/comments?post=89008"}],"version-history":[{"count":3,"href":"https:\/\/eldiariodesanpedro.com.ar\/sitio\/wp-json\/wp\/v2\/posts\/89008\/revisions"}],"predecessor-version":[{"id":89014,"href":"https:\/\/eldiariodesanpedro.com.ar\/sitio\/wp-json\/wp\/v2\/posts\/89008\/revisions\/89014"}],"wp:featuredmedia":[{"embeddable":true,"href":"https:\/\/eldiariodesanpedro.com.ar\/sitio\/wp-json\/wp\/v2\/media\/66577"}],"wp:attachment":[{"href":"https:\/\/eldiariodesanpedro.com.ar\/sitio\/wp-json\/wp\/v2\/media?parent=89008"}],"wp:term":[{"taxonomy":"category","embeddable":true,"href":"https:\/\/eldiariodesanpedro.com.ar\/sitio\/wp-json\/wp\/v2\/categories?post=89008"},{"taxonomy":"post_tag","embeddable":true,"href":"https:\/\/eldiariodesanpedro.com.ar\/sitio\/wp-json\/wp\/v2\/tags?post=89008"}],"curies":[{"name":"wp","href":"https:\/\/api.w.org\/{rel}","templated":true}]}}