{"id":89002,"date":"2021-03-11T09:09:32","date_gmt":"2021-03-11T12:09:32","guid":{"rendered":"https:\/\/eldiariodesanpedro.com.ar\/sitio\/?p=89002"},"modified":"2021-03-11T09:09:33","modified_gmt":"2021-03-11T12:09:33","slug":"mural-solidario-en-el-centro-de-salud-los-aromos","status":"publish","type":"post","link":"https:\/\/eldiariodesanpedro.com.ar\/sitio\/mural-solidario-en-el-centro-de-salud-los-aromos\/","title":{"rendered":"Mural solidario en el Centro de Salud Los Aromos"},"content":{"rendered":"<!-- VideographyWP Plugin Message: Automatic video embedding prevented by plugin options. -->\n\n<p>En la ma\u00f1ana de hoy fue presentado el nuevo cartel del Centro de Salud Los Aromos, propuesto por un grupo de vecinos que acercaron la inciativa al taller de mosaiquismo de Mariana Maroli y se movilizaron para reunir los fondos para poder comprar los materiales.<\/p>\n\n\n\n<p>En un breve y sencillo encuentro, el Secretario de Coordinaci\u00f3n Ram\u00f3n Salazar, la Secretar\u00eda de Turismo Marcela Cu\u00f1er y el Secretario de Salud Daniel Creus, acompa\u00f1aron a quienes se sumaron a colaborar con todo el proceso de creaci\u00f3n de la im\u00e1gen que naci\u00f3 en la idea de la vecina Griselda Mores que propuso en el taller\u00bbembellecer el Centro de Salud\u00bb y organizar entre las enfermeras una rifa para conseguir el dinero necesario para los materiales.<\/p>\n\n\n\n<p>As\u00ed lo hicieron y con el apoyo de la Secretar\u00eda de Turismo para poder facilitar la llegada de los materiales al taller y la participaci\u00f3n de integrantes del grupo de mosaiquistas, lograron presentar este nuevo cartel para identificar \u00abart\u00edsticamente\u00bb un espacio con concurrencia de todo el barrio.<\/p>\n\n\n\n<p>Los funcionarios agradecieron y reconocieron el gesto quienes formaron parte de esta tarea y Mariana Maroli quien junto a Silvia Varela que tuvieron a su cargo el proyecto y la direcci\u00f3n del Mural contaron la historia de este trabajo.<\/p>\n\n\n\n<p>Participaron adem\u00e1s en la construcci\u00f3n del mural Anita Nissero, Gabriela Berdullas, Gast\u00f3n Beltr\u00e1n, Liliana Rivero, Mar\u00eda Elena Elcoro, Mar\u00eda Teresa Gord\u00f3, Matilde Torres, Mauricio Ballerini, Mirta Armellini, M\u00f3nica Torre, N\u00e9lida Rodr\u00edguez, Roxana del Pardo y Susana San Juan.<\/p>\n\n\n\n<figure class=\"wp-block-image size-large\"><img decoding=\"async\" width=\"1024\" height=\"683\" data-attachment-id=\"89003\" data-permalink=\"https:\/\/eldiariodesanpedro.com.ar\/sitio\/mural-solidario-en-el-centro-de-salud-los-aromos\/whatsapp-image-2021-03-11-at-08-26-52\/\" data-orig-file=\"https:\/\/eldiariodesanpedro.com.ar\/sitio\/wp-content\/uploads\/2021\/03\/WhatsApp-Image-2021-03-11-at-08.26.52.jpeg\" data-orig-size=\"1272,849\" data-comments-opened=\"1\" data-image-meta=\"{&quot;aperture&quot;:&quot;0&quot;,&quot;credit&quot;:&quot;&quot;,&quot;camera&quot;:&quot;&quot;,&quot;caption&quot;:&quot;&quot;,&quot;created_timestamp&quot;:&quot;0&quot;,&quot;copyright&quot;:&quot;&quot;,&quot;focal_length&quot;:&quot;0&quot;,&quot;iso&quot;:&quot;0&quot;,&quot;shutter_speed&quot;:&quot;0&quot;,&quot;title&quot;:&quot;&quot;,&quot;orientation&quot;:&quot;0&quot;}\" data-image-title=\"WhatsApp Image 2021-03-11 at 08.26.52\" data-image-description=\"\" data-image-caption=\"\" data-large-file=\"https:\/\/eldiariodesanpedro.com.ar\/sitio\/wp-content\/uploads\/2021\/03\/WhatsApp-Image-2021-03-11-at-08.26.52-1024x683.jpeg\" data-src=\"https:\/\/eldiariodesanpedro.com.ar\/sitio\/wp-content\/uploads\/2021\/03\/WhatsApp-Image-2021-03-11-at-08.26.52-1024x683.jpeg\" alt=\"\" class=\"wp-image-89003 lazyload\" data-srcset=\"https:\/\/eldiariodesanpedro.com.ar\/sitio\/wp-content\/uploads\/2021\/03\/WhatsApp-Image-2021-03-11-at-08.26.52-1024x683.jpeg 1024w, https:\/\/eldiariodesanpedro.com.ar\/sitio\/wp-content\/uploads\/2021\/03\/WhatsApp-Image-2021-03-11-at-08.26.52-300x200.jpeg 300w, https:\/\/eldiariodesanpedro.com.ar\/sitio\/wp-content\/uploads\/2021\/03\/WhatsApp-Image-2021-03-11-at-08.26.52-768x513.jpeg 768w, https:\/\/eldiariodesanpedro.com.ar\/sitio\/wp-content\/uploads\/2021\/03\/WhatsApp-Image-2021-03-11-at-08.26.52.jpeg 1272w\" data-sizes=\"(max-width: 1024px) 100vw, 1024px\" src=\"data:image\/svg+xml;base64,PHN2ZyB3aWR0aD0iMSIgaGVpZ2h0PSIxIiB4bWxucz0iaHR0cDovL3d3dy53My5vcmcvMjAwMC9zdmciPjwvc3ZnPg==\" style=\"--smush-placeholder-width: 1024px; --smush-placeholder-aspect-ratio: 1024\/683;\" \/><\/figure>\n\n\n\n<figure class=\"wp-block-image size-large\"><img decoding=\"async\" width=\"1024\" height=\"684\" data-attachment-id=\"89004\" data-permalink=\"https:\/\/eldiariodesanpedro.com.ar\/sitio\/mural-solidario-en-el-centro-de-salud-los-aromos\/whatsapp-image-2021-03-11-at-08-26-53-1\/\" data-orig-file=\"https:\/\/eldiariodesanpedro.com.ar\/sitio\/wp-content\/uploads\/2021\/03\/WhatsApp-Image-2021-03-11-at-08.26.53-1.jpeg\" data-orig-size=\"1280,855\" data-comments-opened=\"1\" data-image-meta=\"{&quot;aperture&quot;:&quot;0&quot;,&quot;credit&quot;:&quot;&quot;,&quot;camera&quot;:&quot;&quot;,&quot;caption&quot;:&quot;&quot;,&quot;created_timestamp&quot;:&quot;0&quot;,&quot;copyright&quot;:&quot;&quot;,&quot;focal_length&quot;:&quot;0&quot;,&quot;iso&quot;:&quot;0&quot;,&quot;shutter_speed&quot;:&quot;0&quot;,&quot;title&quot;:&quot;&quot;,&quot;orientation&quot;:&quot;0&quot;}\" data-image-title=\"WhatsApp Image 2021-03-11 at 08.26.53 (1)\" data-image-description=\"\" data-image-caption=\"\" data-large-file=\"https:\/\/eldiariodesanpedro.com.ar\/sitio\/wp-content\/uploads\/2021\/03\/WhatsApp-Image-2021-03-11-at-08.26.53-1-1024x684.jpeg\" data-src=\"https:\/\/eldiariodesanpedro.com.ar\/sitio\/wp-content\/uploads\/2021\/03\/WhatsApp-Image-2021-03-11-at-08.26.53-1-1024x684.jpeg\" alt=\"\" class=\"wp-image-89004 lazyload\" data-srcset=\"https:\/\/eldiariodesanpedro.com.ar\/sitio\/wp-content\/uploads\/2021\/03\/WhatsApp-Image-2021-03-11-at-08.26.53-1-1024x684.jpeg 1024w, https:\/\/eldiariodesanpedro.com.ar\/sitio\/wp-content\/uploads\/2021\/03\/WhatsApp-Image-2021-03-11-at-08.26.53-1-300x200.jpeg 300w, https:\/\/eldiariodesanpedro.com.ar\/sitio\/wp-content\/uploads\/2021\/03\/WhatsApp-Image-2021-03-11-at-08.26.53-1-768x513.jpeg 768w, https:\/\/eldiariodesanpedro.com.ar\/sitio\/wp-content\/uploads\/2021\/03\/WhatsApp-Image-2021-03-11-at-08.26.53-1.jpeg 1280w\" data-sizes=\"(max-width: 1024px) 100vw, 1024px\" src=\"data:image\/svg+xml;base64,PHN2ZyB3aWR0aD0iMSIgaGVpZ2h0PSIxIiB4bWxucz0iaHR0cDovL3d3dy53My5vcmcvMjAwMC9zdmciPjwvc3ZnPg==\" style=\"--smush-placeholder-width: 1024px; --smush-placeholder-aspect-ratio: 1024\/684;\" \/><\/figure>\n\n\n\n<figure class=\"wp-block-image size-large\"><img decoding=\"async\" width=\"1024\" height=\"682\" data-attachment-id=\"89005\" data-permalink=\"https:\/\/eldiariodesanpedro.com.ar\/sitio\/mural-solidario-en-el-centro-de-salud-los-aromos\/whatsapp-image-2021-03-11-at-08-26-53\/\" data-orig-file=\"https:\/\/eldiariodesanpedro.com.ar\/sitio\/wp-content\/uploads\/2021\/03\/WhatsApp-Image-2021-03-11-at-08.26.53.jpeg\" data-orig-size=\"1280,853\" data-comments-opened=\"1\" data-image-meta=\"{&quot;aperture&quot;:&quot;0&quot;,&quot;credit&quot;:&quot;&quot;,&quot;camera&quot;:&quot;&quot;,&quot;caption&quot;:&quot;&quot;,&quot;created_timestamp&quot;:&quot;0&quot;,&quot;copyright&quot;:&quot;&quot;,&quot;focal_length&quot;:&quot;0&quot;,&quot;iso&quot;:&quot;0&quot;,&quot;shutter_speed&quot;:&quot;0&quot;,&quot;title&quot;:&quot;&quot;,&quot;orientation&quot;:&quot;0&quot;}\" data-image-title=\"WhatsApp Image 2021-03-11 at 08.26.53\" data-image-description=\"\" data-image-caption=\"\" data-large-file=\"https:\/\/eldiariodesanpedro.com.ar\/sitio\/wp-content\/uploads\/2021\/03\/WhatsApp-Image-2021-03-11-at-08.26.53-1024x682.jpeg\" data-src=\"https:\/\/eldiariodesanpedro.com.ar\/sitio\/wp-content\/uploads\/2021\/03\/WhatsApp-Image-2021-03-11-at-08.26.53-1024x682.jpeg\" alt=\"\" class=\"wp-image-89005 lazyload\" data-srcset=\"https:\/\/eldiariodesanpedro.com.ar\/sitio\/wp-content\/uploads\/2021\/03\/WhatsApp-Image-2021-03-11-at-08.26.53-1024x682.jpeg 1024w, https:\/\/eldiariodesanpedro.com.ar\/sitio\/wp-content\/uploads\/2021\/03\/WhatsApp-Image-2021-03-11-at-08.26.53-300x200.jpeg 300w, https:\/\/eldiariodesanpedro.com.ar\/sitio\/wp-content\/uploads\/2021\/03\/WhatsApp-Image-2021-03-11-at-08.26.53-768x512.jpeg 768w, https:\/\/eldiariodesanpedro.com.ar\/sitio\/wp-content\/uploads\/2021\/03\/WhatsApp-Image-2021-03-11-at-08.26.53.jpeg 1280w\" data-sizes=\"(max-width: 1024px) 100vw, 1024px\" src=\"data:image\/svg+xml;base64,PHN2ZyB3aWR0aD0iMSIgaGVpZ2h0PSIxIiB4bWxucz0iaHR0cDovL3d3dy53My5vcmcvMjAwMC9zdmciPjwvc3ZnPg==\" style=\"--smush-placeholder-width: 1024px; --smush-placeholder-aspect-ratio: 1024\/682;\" \/><\/figure>\n","protected":false},"excerpt":{"rendered":"<p>En la ma\u00f1ana de hoy fue presentado el nuevo cartel del Centro de Salud Los Aromos, propuesto por un grupo de vecinos que acercaron la inciativa al taller de mosaiquismo de Mariana Maroli y se movilizaron para reunir los fondos para poder comprar los materiales. En un breve y sencillo encuentro, el Secretario de Coordinaci\u00f3n [&hellip;]<\/p>\n","protected":false},"author":4,"featured_media":89006,"comment_status":"open","ping_status":"closed","sticky":false,"template":"","format":"standard","meta":{"om_disable_all_campaigns":false,"_jetpack_memberships_contains_paid_content":false,"footnotes":""},"categories":[50,101,2],"tags":[],"class_list":["post-89002","post","type-post","status-publish","format-standard","has-post-thumbnail","hentry","category-destacadas","category-interes-general-locales","category-locales"],"aioseo_notices":[],"gutentor_comment":0,"jetpack_featured_media_url":"https:\/\/eldiariodesanpedro.com.ar\/sitio\/wp-content\/uploads\/2021\/03\/WhatsApp-Image-2021-03-11-at-08.26.54-1.jpeg","jetpack_shortlink":"https:\/\/wp.me\/p6RhLt-n9w","jetpack_sharing_enabled":true,"_links":{"self":[{"href":"https:\/\/eldiariodesanpedro.com.ar\/sitio\/wp-json\/wp\/v2\/posts\/89002","targetHints":{"allow":["GET"]}}],"collection":[{"href":"https:\/\/eldiariodesanpedro.com.ar\/sitio\/wp-json\/wp\/v2\/posts"}],"about":[{"href":"https:\/\/eldiariodesanpedro.com.ar\/sitio\/wp-json\/wp\/v2\/types\/post"}],"author":[{"embeddable":true,"href":"https:\/\/eldiariodesanpedro.com.ar\/sitio\/wp-json\/wp\/v2\/users\/4"}],"replies":[{"embeddable":true,"href":"https:\/\/eldiariodesanpedro.com.ar\/sitio\/wp-json\/wp\/v2\/comments?post=89002"}],"version-history":[{"count":1,"href":"https:\/\/eldiariodesanpedro.com.ar\/sitio\/wp-json\/wp\/v2\/posts\/89002\/revisions"}],"predecessor-version":[{"id":89007,"href":"https:\/\/eldiariodesanpedro.com.ar\/sitio\/wp-json\/wp\/v2\/posts\/89002\/revisions\/89007"}],"wp:featuredmedia":[{"embeddable":true,"href":"https:\/\/eldiariodesanpedro.com.ar\/sitio\/wp-json\/wp\/v2\/media\/89006"}],"wp:attachment":[{"href":"https:\/\/eldiariodesanpedro.com.ar\/sitio\/wp-json\/wp\/v2\/media?parent=89002"}],"wp:term":[{"taxonomy":"category","embeddable":true,"href":"https:\/\/eldiariodesanpedro.com.ar\/sitio\/wp-json\/wp\/v2\/categories?post=89002"},{"taxonomy":"post_tag","embeddable":true,"href":"https:\/\/eldiariodesanpedro.com.ar\/sitio\/wp-json\/wp\/v2\/tags?post=89002"}],"curies":[{"name":"wp","href":"https:\/\/api.w.org\/{rel}","templated":true}]}}