{"id":88999,"date":"2021-03-11T09:04:37","date_gmt":"2021-03-11T12:04:37","guid":{"rendered":"https:\/\/eldiariodesanpedro.com.ar\/sitio\/?p=88999"},"modified":"2021-03-11T09:04:41","modified_gmt":"2021-03-11T12:04:41","slug":"san-nicolas-le-disparo-a-un-vecino-dejandolo-grave-huyo-y-fue-detenido","status":"publish","type":"post","link":"https:\/\/eldiariodesanpedro.com.ar\/sitio\/san-nicolas-le-disparo-a-un-vecino-dejandolo-grave-huyo-y-fue-detenido\/","title":{"rendered":"SAN NICOL\u00c1S | Le dispar\u00f3 a un vecino dej\u00e1ndolo grave, huy\u00f3 y fue detenido"},"content":{"rendered":"<!-- VideographyWP Plugin Message: Automatic video embedding prevented by plugin options. -->\n\n<p>En un confuso episodio, durante horas de la madrugada de hoy, en calle Espa\u00f1a al 1300, barrio 12 de Marzo, un hombre de 40 a\u00f1os, de nombre Luis Fernando Campos, recibi\u00f3 un disparo de arma de fuego en la zona abdominal en el momento en que abr\u00eda la puerta de su domicilio ante un llamado de quien \u2013a posteriori- resultar\u00eda ser el agresor, el cu\u00e1l luego de perpetrado el hecho huy\u00f3 del lugar en una moto junto a otro sujeto desconocido.<\/p>\n\n\n\n<p>En el momento del disparo, la v\u00edctima se encontraba en su domicilio con quien ser\u00eda su pareja, una mujer de 35 a\u00f1os, de nombre Cintia Luciana.<\/p>\n\n\n\n<p>Vecinos del lugar declararon ante la autoridad policial que el agresor ya hab\u00eda amenazado a la v\u00edctima en reiteradas oportunidades, ante episodios de violencia de g\u00e9nero en perjuicio de su c\u00f3nyuge, la ya mencionada mujer de 35 a\u00f1os.<br><br>Tras el accionar policial el victimario es detenido en el domicilio ubicado en Espa\u00f1a y Guido Lavalle, determin\u00e1ndose que su identidad es Daniel Alberto Campos, de 38 a\u00f1os de edad, quien posee un pedido de captura activa por homicidio, a solicitud del Juzgado de Primera Instancia de Rosario.<br>En el lugar se secuestraron armas y varios tel\u00e9fonos celulares.<br><br>La v\u00edctima se encuentra hospitalizada en estado reservado con riesgo de vida.<br><br>El hecho fue caratulado \u201cLesiones Graves por Heridas de Arma de Fuego\u201d e interviene la UFI 4.<\/p>\n\n\n\n<p>Fuente: <a href=\"http:\/\/www.diarioelinformante.com.ar\/nota-60917_le-dispar-a-un-vecino-dejndolo-grave-huy-y-fue-detenido\">Diario El Informante<\/a><\/p>\n","protected":false},"excerpt":{"rendered":"<p>En un confuso episodio, durante horas de la madrugada de hoy, en calle Espa\u00f1a al 1300, barrio 12 de Marzo, un hombre de 40 a\u00f1os, de nombre Luis Fernando Campos, recibi\u00f3 un disparo de arma de fuego en la zona abdominal en el momento en que abr\u00eda la puerta de su domicilio ante un llamado [&hellip;]<\/p>\n","protected":false},"author":4,"featured_media":89000,"comment_status":"open","ping_status":"closed","sticky":false,"template":"","format":"standard","meta":{"om_disable_all_campaigns":false,"_jetpack_memberships_contains_paid_content":false,"footnotes":""},"categories":[2,621],"tags":[],"class_list":["post-88999","post","type-post","status-publish","format-standard","has-post-thumbnail","hentry","category-locales","category-regionales"],"aioseo_notices":[],"gutentor_comment":0,"jetpack_featured_media_url":"https:\/\/eldiariodesanpedro.com.ar\/sitio\/wp-content\/uploads\/2021\/03\/no_mkovl41xi99do8vPolicial.png","jetpack_shortlink":"https:\/\/wp.me\/p6RhLt-n9t","jetpack_sharing_enabled":true,"_links":{"self":[{"href":"https:\/\/eldiariodesanpedro.com.ar\/sitio\/wp-json\/wp\/v2\/posts\/88999","targetHints":{"allow":["GET"]}}],"collection":[{"href":"https:\/\/eldiariodesanpedro.com.ar\/sitio\/wp-json\/wp\/v2\/posts"}],"about":[{"href":"https:\/\/eldiariodesanpedro.com.ar\/sitio\/wp-json\/wp\/v2\/types\/post"}],"author":[{"embeddable":true,"href":"https:\/\/eldiariodesanpedro.com.ar\/sitio\/wp-json\/wp\/v2\/users\/4"}],"replies":[{"embeddable":true,"href":"https:\/\/eldiariodesanpedro.com.ar\/sitio\/wp-json\/wp\/v2\/comments?post=88999"}],"version-history":[{"count":1,"href":"https:\/\/eldiariodesanpedro.com.ar\/sitio\/wp-json\/wp\/v2\/posts\/88999\/revisions"}],"predecessor-version":[{"id":89001,"href":"https:\/\/eldiariodesanpedro.com.ar\/sitio\/wp-json\/wp\/v2\/posts\/88999\/revisions\/89001"}],"wp:featuredmedia":[{"embeddable":true,"href":"https:\/\/eldiariodesanpedro.com.ar\/sitio\/wp-json\/wp\/v2\/media\/89000"}],"wp:attachment":[{"href":"https:\/\/eldiariodesanpedro.com.ar\/sitio\/wp-json\/wp\/v2\/media?parent=88999"}],"wp:term":[{"taxonomy":"category","embeddable":true,"href":"https:\/\/eldiariodesanpedro.com.ar\/sitio\/wp-json\/wp\/v2\/categories?post=88999"},{"taxonomy":"post_tag","embeddable":true,"href":"https:\/\/eldiariodesanpedro.com.ar\/sitio\/wp-json\/wp\/v2\/tags?post=88999"}],"curies":[{"name":"wp","href":"https:\/\/api.w.org\/{rel}","templated":true}]}}