{"id":88990,"date":"2021-03-11T08:19:08","date_gmt":"2021-03-11T11:19:08","guid":{"rendered":"https:\/\/eldiariodesanpedro.com.ar\/sitio\/?p=88990"},"modified":"2021-03-11T08:19:13","modified_gmt":"2021-03-11T11:19:13","slug":"ramallo-dra-alicia-mattacota-en-ramallo-se-vacunaron-cerca-de-2-300-personas","status":"publish","type":"post","link":"https:\/\/eldiariodesanpedro.com.ar\/sitio\/ramallo-dra-alicia-mattacota-en-ramallo-se-vacunaron-cerca-de-2-300-personas\/","title":{"rendered":"RAMALLO | Dra Alicia Mattacota: \u00abEn Ramallo se vacunaron cerca de 2.300 personas\u00bb"},"content":{"rendered":"<!-- VideographyWP Plugin Message: Automatic video embedding prevented by plugin options. -->\n\n<p>Una vez m\u00e1s, la Dra. Alicia Mattacota nos brind\u00f3 unos minutos de su tiempo para ponernos al d\u00eda sobre las novedades en el esquema de vacunaci\u00f3n contra el Covid-19 que se est\u00e1 llevando adelante en nuestro partido. \u201cAyer, en el nuevo vacunatorio, el Centro de Jubilados de Ramallo Pueblo, recibimos 600 vacunas chinas Sinopharm. <\/p>\n\n\n\n<p>Es la primera vez que la aplicamos y no se puede usar en mayores de 60 a\u00f1os. Es para menores de 60 que tengan enfermedades com\u00f3rbidas o preexistentes como diabetes, hipertensi\u00f3n, asma, obesidad, eventos cardiovasculares, c\u00e1nceres en remisi\u00f3n (quien ya no est\u00e9 haciendo quimioterapia). Quien venga a vacunarse debe traer su certificado m\u00e9dico as\u00ed hacemos todo m\u00e1s r\u00e1pido porque sino tenemos que hacer una declaraci\u00f3n jurada y enlentece todo el proceso. <\/p>\n\n\n\n<p>Se los vacuna igual pero hay que hacer este tr\u00e1mite que luego se eleva a Provincia y se hace un entrecruzamiento de datos. <\/p>\n\n\n\n<p>Para facilitar y no demorar, les pedimos el certificado m\u00e1s el DNI\u201d, indic\u00f3 la doctora. Actualmente se est\u00e1n utilizando dos locaciones para vacunar: el Centro de Jubilados, en donde PAMI solo presta el edificio pero no se encarga de la vacunaci\u00f3n y el hospital Gomendio en donde se abri\u00f3 un vacunatorio que se encargar\u00e1 de vacunar personal docente, de Prefectura, Polic\u00eda, Bomberos, es decir, personal esencial. <\/p>\n\n\n\n<p>Pero tambi\u00e9n en el hospital se aplicar\u00e1 la segunda dosis a quien corresponda: \u201cYa le estar\u00e1n llegando los turnos. El jueves, viernes y s\u00e1bado se vacunar\u00e1 componente 2 (o sea, la segunda dosis). Ac\u00e1, en el hospital s\u00ed tengo acceso al turnero pero el que es del Centro de Jubilados no tengo acceso. Ah\u00ed tiene acceso Leandro Del Pozo. <\/p>\n\n\n\n<p>Estamos haciendo un trabajo combinado con gente de la Provincia y gente del hospital, con un promedio de 400 turnos por d\u00eda\u201d, a\u00f1adi\u00f3 Alicia Mattacota.<\/p>\n\n\n\n<p>La vacunaci\u00f3n en n\u00fameros, hasta ahora, arroja un resultado aproximado de 2.300 personas vacunadas que se compone de 1.066 personas en la Escuela N\u00ba 3, 600 personas aproximadamente pertenecientes al \u00e1rea de salud y 600 personas estimadas entre docentes y otras \u00e1reas esenciales. Mattacota finaliz\u00f3 diciendo que \u201ccreo que ma\u00f1ana llegan m\u00e1s. Los turnos est\u00e1n dados as\u00ed que las necesitamos\u201d<a href=\"https:\/\/www.facebook.com\/ramallocity\/photos\/a.722044721193353\/3956118807785912\/?__cft__[0]=AZURpAxsWvfYjT3nxdPNUWzLSfOEbUv9iIbsnybmJUoXrmJHPCpz-kPCpq_LT42LnpKZ1pHiyTgNJ6hA8XCg_r4YKm_IUb0k8Ia0BwEMYjUPc2KAfGhMoh00E_gK5K4N4ZsYvpN-x99xBhu-MP2GdJh-&amp;__tn__=EH-R\"><\/a><\/p>\n","protected":false},"excerpt":{"rendered":"<p>Una vez m\u00e1s, la Dra. Alicia Mattacota nos brind\u00f3 unos minutos de su tiempo para ponernos al d\u00eda sobre las novedades en el esquema de vacunaci\u00f3n contra el Covid-19 que se est\u00e1 llevando adelante en nuestro partido. \u201cAyer, en el nuevo vacunatorio, el Centro de Jubilados de Ramallo Pueblo, recibimos 600 vacunas chinas Sinopharm. Es [&hellip;]<\/p>\n","protected":false},"author":4,"featured_media":88991,"comment_status":"open","ping_status":"closed","sticky":false,"template":"","format":"standard","meta":{"om_disable_all_campaigns":false,"_jetpack_memberships_contains_paid_content":false,"footnotes":""},"categories":[621],"tags":[],"class_list":["post-88990","post","type-post","status-publish","format-standard","has-post-thumbnail","hentry","category-regionales"],"aioseo_notices":[],"gutentor_comment":0,"jetpack_featured_media_url":"https:\/\/eldiariodesanpedro.com.ar\/sitio\/wp-content\/uploads\/2021\/03\/159382186_3956118814452578_4563153578303836837_o.jpg","jetpack_shortlink":"https:\/\/wp.me\/p6RhLt-n9k","jetpack_sharing_enabled":true,"_links":{"self":[{"href":"https:\/\/eldiariodesanpedro.com.ar\/sitio\/wp-json\/wp\/v2\/posts\/88990","targetHints":{"allow":["GET"]}}],"collection":[{"href":"https:\/\/eldiariodesanpedro.com.ar\/sitio\/wp-json\/wp\/v2\/posts"}],"about":[{"href":"https:\/\/eldiariodesanpedro.com.ar\/sitio\/wp-json\/wp\/v2\/types\/post"}],"author":[{"embeddable":true,"href":"https:\/\/eldiariodesanpedro.com.ar\/sitio\/wp-json\/wp\/v2\/users\/4"}],"replies":[{"embeddable":true,"href":"https:\/\/eldiariodesanpedro.com.ar\/sitio\/wp-json\/wp\/v2\/comments?post=88990"}],"version-history":[{"count":1,"href":"https:\/\/eldiariodesanpedro.com.ar\/sitio\/wp-json\/wp\/v2\/posts\/88990\/revisions"}],"predecessor-version":[{"id":88992,"href":"https:\/\/eldiariodesanpedro.com.ar\/sitio\/wp-json\/wp\/v2\/posts\/88990\/revisions\/88992"}],"wp:featuredmedia":[{"embeddable":true,"href":"https:\/\/eldiariodesanpedro.com.ar\/sitio\/wp-json\/wp\/v2\/media\/88991"}],"wp:attachment":[{"href":"https:\/\/eldiariodesanpedro.com.ar\/sitio\/wp-json\/wp\/v2\/media?parent=88990"}],"wp:term":[{"taxonomy":"category","embeddable":true,"href":"https:\/\/eldiariodesanpedro.com.ar\/sitio\/wp-json\/wp\/v2\/categories?post=88990"},{"taxonomy":"post_tag","embeddable":true,"href":"https:\/\/eldiariodesanpedro.com.ar\/sitio\/wp-json\/wp\/v2\/tags?post=88990"}],"curies":[{"name":"wp","href":"https:\/\/api.w.org\/{rel}","templated":true}]}}