{"id":88987,"date":"2021-03-11T08:03:18","date_gmt":"2021-03-11T11:03:18","guid":{"rendered":"https:\/\/eldiariodesanpedro.com.ar\/sitio\/?p=88987"},"modified":"2021-03-11T08:03:24","modified_gmt":"2021-03-11T11:03:24","slug":"arrecifes-sin-internados-por-covid-en-arrecifes","status":"publish","type":"post","link":"https:\/\/eldiariodesanpedro.com.ar\/sitio\/arrecifes-sin-internados-por-covid-en-arrecifes\/","title":{"rendered":"ARRECIFES | Sin internados por Covid en Arrecifes"},"content":{"rendered":"<!-- VideographyWP Plugin Message: Automatic video embedding prevented by plugin options. -->\n\n<p>Los casos de Covid-19 en Arrecifes siguen descendiendo y llegamos al n\u00famero de activos m\u00e1s bajo desde el 30 de julio de 2020.<\/p>\n\n\n\n<p>En un reporte epidemiol\u00f3gico emitido en la tarde de este mi\u00e9rcoles, la Secretar\u00eda de Salud de la Municipalidad de Arrecifes inform\u00f3 que existen s\u00f3lo ocho personas transitando actualmente la enfermedad en nuestra ciudad.<\/p>\n\n\n\n<p>Adem\u00e1s, por primera semana en muchos meses no existen pacientes internados en el Hospital Santa Francisca contagiados con coronavirus.<\/p>\n\n\n\n<p>El total de casos en Arrecifes desde el inicio de la pandemia lleg\u00f3 a los 2.500.<\/p>\n","protected":false},"excerpt":{"rendered":"<p>Los casos de Covid-19 en Arrecifes siguen descendiendo y llegamos al n\u00famero de activos m\u00e1s bajo desde el 30 de julio de 2020. En un reporte epidemiol\u00f3gico emitido en la tarde de este mi\u00e9rcoles, la Secretar\u00eda de Salud de la Municipalidad de Arrecifes inform\u00f3 que existen s\u00f3lo ocho personas transitando actualmente la enfermedad en nuestra [&hellip;]<\/p>\n","protected":false},"author":4,"featured_media":88988,"comment_status":"open","ping_status":"closed","sticky":false,"template":"","format":"standard","meta":{"om_disable_all_campaigns":false,"_jetpack_memberships_contains_paid_content":false,"footnotes":""},"categories":[621],"tags":[],"class_list":["post-88987","post","type-post","status-publish","format-standard","has-post-thumbnail","hentry","category-regionales"],"aioseo_notices":[],"gutentor_comment":0,"jetpack_featured_media_url":"https:\/\/eldiariodesanpedro.com.ar\/sitio\/wp-content\/uploads\/2021\/03\/Terapia-Intensiva-Hospital-830x510-1.jpg","jetpack_shortlink":"https:\/\/wp.me\/p6RhLt-n9h","jetpack_sharing_enabled":true,"_links":{"self":[{"href":"https:\/\/eldiariodesanpedro.com.ar\/sitio\/wp-json\/wp\/v2\/posts\/88987","targetHints":{"allow":["GET"]}}],"collection":[{"href":"https:\/\/eldiariodesanpedro.com.ar\/sitio\/wp-json\/wp\/v2\/posts"}],"about":[{"href":"https:\/\/eldiariodesanpedro.com.ar\/sitio\/wp-json\/wp\/v2\/types\/post"}],"author":[{"embeddable":true,"href":"https:\/\/eldiariodesanpedro.com.ar\/sitio\/wp-json\/wp\/v2\/users\/4"}],"replies":[{"embeddable":true,"href":"https:\/\/eldiariodesanpedro.com.ar\/sitio\/wp-json\/wp\/v2\/comments?post=88987"}],"version-history":[{"count":1,"href":"https:\/\/eldiariodesanpedro.com.ar\/sitio\/wp-json\/wp\/v2\/posts\/88987\/revisions"}],"predecessor-version":[{"id":88989,"href":"https:\/\/eldiariodesanpedro.com.ar\/sitio\/wp-json\/wp\/v2\/posts\/88987\/revisions\/88989"}],"wp:featuredmedia":[{"embeddable":true,"href":"https:\/\/eldiariodesanpedro.com.ar\/sitio\/wp-json\/wp\/v2\/media\/88988"}],"wp:attachment":[{"href":"https:\/\/eldiariodesanpedro.com.ar\/sitio\/wp-json\/wp\/v2\/media?parent=88987"}],"wp:term":[{"taxonomy":"category","embeddable":true,"href":"https:\/\/eldiariodesanpedro.com.ar\/sitio\/wp-json\/wp\/v2\/categories?post=88987"},{"taxonomy":"post_tag","embeddable":true,"href":"https:\/\/eldiariodesanpedro.com.ar\/sitio\/wp-json\/wp\/v2\/tags?post=88987"}],"curies":[{"name":"wp","href":"https:\/\/api.w.org\/{rel}","templated":true}]}}