{"id":88977,"date":"2021-03-11T07:49:14","date_gmt":"2021-03-11T10:49:14","guid":{"rendered":"https:\/\/eldiariodesanpedro.com.ar\/sitio\/?p=88977"},"modified":"2021-03-11T07:49:26","modified_gmt":"2021-03-11T10:49:26","slug":"san-pedro-participara-del-programa-mas-cerca","status":"publish","type":"post","link":"https:\/\/eldiariodesanpedro.com.ar\/sitio\/san-pedro-participara-del-programa-mas-cerca\/","title":{"rendered":"San Pedro participar\u00e1 del programa \u201cM\u00e1s Cerca\u201d"},"content":{"rendered":"<!-- VideographyWP Plugin Message: Automatic video embedding prevented by plugin options. -->\n\n<p>La Municipalidad de San Pedro informa que participar\u00e1 del programa M\u00e1s Cerca que present\u00f3 el martes 2 de marzo el Gobernador Axel Kicillof para acercar productos esenciales de la canasta familiar a los consumidores de la provincia con precios rebajados.<\/p>\n\n\n\n<p>Desde su anuncio, la Secretar\u00eda de Desarrollo Econ\u00f3mico Local ha comenzado a trabajar articuladamente, para la firma de un convenio con la Subsecretaria de Comercio de la provincia ,que se suscribir\u00e1 en los pr\u00f3ximos d\u00edas, brindando los detalles de la aplicaci\u00f3n local con los comercios que podr\u00e1n participar del mismo.<\/p>\n\n\n\n<p>La presentaci\u00f3n del programa se produjo en el en el municipio de Malvinas Argentinas con la participaci\u00f3n del ministro de Producci\u00f3n, Ciencia e Innovaci\u00f3n Tecnol\u00f3gica, Augusto Costa, quien mantiene un estrecho v\u00ednculo con el gobierno local, compartiendo otras iniciativas lanzadas desde su cartera.<\/p>\n\n\n\n<p>El objetivo del programa es fortalecer a los peque\u00f1os y medianos comercios de barrio que a trav\u00e9s de este programa y adhiriendo a los convenios correspondientes, podr\u00e1n ofrecer mejores precios a sus consumidores.<\/p>\n\n\n\n<p>Desde el gobierno provincial se remarc\u00f3 que \u00abel plan apunta a garantizar precios de referencia de 23 bienes b\u00e1sicos de marcas gen\u00e9ricas en comercios minoristas y mayoristas locales, que est\u00e1 compuesta por cuatro categor\u00edas: alimentos, bebidas, higiene personal y limpieza.<\/p>\n\n\n\n<p>\u201cCompr\u00e1 M\u00e1s Cerca\u201d tiene como objetivo dinamizar la actividad comercial, optimizar el abastecimiento y crear mecanismos de comercializaci\u00f3n para productos elaborados o fabricados por PyMEs y cooperativas locales.\u00bb<\/p>\n","protected":false},"excerpt":{"rendered":"<p>La Municipalidad de San Pedro informa que participar\u00e1 del programa M\u00e1s Cerca que present\u00f3 el martes 2 de marzo el Gobernador Axel Kicillof para acercar productos esenciales de la canasta familiar a los consumidores de la provincia con precios rebajados. Desde su anuncio, la Secretar\u00eda de Desarrollo Econ\u00f3mico Local ha comenzado a trabajar articuladamente, para [&hellip;]<\/p>\n","protected":false},"author":4,"featured_media":88978,"comment_status":"open","ping_status":"closed","sticky":false,"template":"","format":"standard","meta":{"om_disable_all_campaigns":false,"_jetpack_memberships_contains_paid_content":false,"footnotes":""},"categories":[50,101,2],"tags":[],"class_list":["post-88977","post","type-post","status-publish","format-standard","has-post-thumbnail","hentry","category-destacadas","category-interes-general-locales","category-locales"],"aioseo_notices":[],"gutentor_comment":0,"jetpack_featured_media_url":"https:\/\/eldiariodesanpedro.com.ar\/sitio\/wp-content\/uploads\/2021\/03\/WhatsApp-Image-2021-03-10-at-20.09.26.jpeg","jetpack_shortlink":"https:\/\/wp.me\/p6RhLt-n97","jetpack_sharing_enabled":true,"_links":{"self":[{"href":"https:\/\/eldiariodesanpedro.com.ar\/sitio\/wp-json\/wp\/v2\/posts\/88977","targetHints":{"allow":["GET"]}}],"collection":[{"href":"https:\/\/eldiariodesanpedro.com.ar\/sitio\/wp-json\/wp\/v2\/posts"}],"about":[{"href":"https:\/\/eldiariodesanpedro.com.ar\/sitio\/wp-json\/wp\/v2\/types\/post"}],"author":[{"embeddable":true,"href":"https:\/\/eldiariodesanpedro.com.ar\/sitio\/wp-json\/wp\/v2\/users\/4"}],"replies":[{"embeddable":true,"href":"https:\/\/eldiariodesanpedro.com.ar\/sitio\/wp-json\/wp\/v2\/comments?post=88977"}],"version-history":[{"count":1,"href":"https:\/\/eldiariodesanpedro.com.ar\/sitio\/wp-json\/wp\/v2\/posts\/88977\/revisions"}],"predecessor-version":[{"id":88979,"href":"https:\/\/eldiariodesanpedro.com.ar\/sitio\/wp-json\/wp\/v2\/posts\/88977\/revisions\/88979"}],"wp:featuredmedia":[{"embeddable":true,"href":"https:\/\/eldiariodesanpedro.com.ar\/sitio\/wp-json\/wp\/v2\/media\/88978"}],"wp:attachment":[{"href":"https:\/\/eldiariodesanpedro.com.ar\/sitio\/wp-json\/wp\/v2\/media?parent=88977"}],"wp:term":[{"taxonomy":"category","embeddable":true,"href":"https:\/\/eldiariodesanpedro.com.ar\/sitio\/wp-json\/wp\/v2\/categories?post=88977"},{"taxonomy":"post_tag","embeddable":true,"href":"https:\/\/eldiariodesanpedro.com.ar\/sitio\/wp-json\/wp\/v2\/tags?post=88977"}],"curies":[{"name":"wp","href":"https:\/\/api.w.org\/{rel}","templated":true}]}}