{"id":88968,"date":"2021-03-10T18:58:09","date_gmt":"2021-03-10T21:58:09","guid":{"rendered":"https:\/\/eldiariodesanpedro.com.ar\/sitio\/?p=88968"},"modified":"2021-03-10T18:58:13","modified_gmt":"2021-03-10T21:58:13","slug":"zarate-oliver-sera-dado-de-alta-y-quedara-a-la-guarda-de-una-amiga-de-la-familia","status":"publish","type":"post","link":"https:\/\/eldiariodesanpedro.com.ar\/sitio\/zarate-oliver-sera-dado-de-alta-y-quedara-a-la-guarda-de-una-amiga-de-la-familia\/","title":{"rendered":"Z\u00c1RATE | Oliver ser\u00e1 dado de alta y quedar\u00e1 a la guarda de una amiga de la familia"},"content":{"rendered":"<!-- VideographyWP Plugin Message: Automatic video embedding prevented by plugin options. -->\n\n<p>Oliver Toro, cumplir\u00e1 su primer a\u00f1o con una nueva familia.<\/p>\n\n\n\n<p>Tras la muerte de sus padres en el choque en Ruta 9, hoy ser\u00e1 dado de alta y quedar\u00e1 a cargo de una amiga de los padres, quien obtuvo la guarda provisoria, al menos hasta que lleguen su abuelo de Venezuela u otros familiares de Chile.<\/p>\n\n\n\n<p>El beb\u00e9 evolucion\u00f3 muy bien de su fractura de f\u00e9mur y ya est\u00e1 listo para su alternaci\u00f3n.<\/p>\n\n\n\n<p>Fuente: <a href=\"https:\/\/infozc.com\/\">InfoZC<\/a><\/p>\n","protected":false},"excerpt":{"rendered":"<p>Oliver Toro, cumplir\u00e1 su primer a\u00f1o con una nueva familia. Tras la muerte de sus padres en el choque en Ruta 9, hoy ser\u00e1 dado de alta y quedar\u00e1 a cargo de una amiga de los padres, quien obtuvo la guarda provisoria, al menos hasta que lleguen su abuelo de Venezuela u otros familiares de [&hellip;]<\/p>\n","protected":false},"author":4,"featured_media":88969,"comment_status":"open","ping_status":"closed","sticky":false,"template":"","format":"standard","meta":{"om_disable_all_campaigns":false,"_jetpack_memberships_contains_paid_content":false,"footnotes":""},"categories":[621],"tags":[],"class_list":["post-88968","post","type-post","status-publish","format-standard","has-post-thumbnail","hentry","category-regionales"],"aioseo_notices":[],"gutentor_comment":0,"jetpack_featured_media_url":"https:\/\/eldiariodesanpedro.com.ar\/sitio\/wp-content\/uploads\/2021\/03\/7bae0eea-d124-4797-b159-e480499100b4.jpg","jetpack_shortlink":"https:\/\/wp.me\/p6RhLt-n8Y","jetpack_sharing_enabled":true,"_links":{"self":[{"href":"https:\/\/eldiariodesanpedro.com.ar\/sitio\/wp-json\/wp\/v2\/posts\/88968","targetHints":{"allow":["GET"]}}],"collection":[{"href":"https:\/\/eldiariodesanpedro.com.ar\/sitio\/wp-json\/wp\/v2\/posts"}],"about":[{"href":"https:\/\/eldiariodesanpedro.com.ar\/sitio\/wp-json\/wp\/v2\/types\/post"}],"author":[{"embeddable":true,"href":"https:\/\/eldiariodesanpedro.com.ar\/sitio\/wp-json\/wp\/v2\/users\/4"}],"replies":[{"embeddable":true,"href":"https:\/\/eldiariodesanpedro.com.ar\/sitio\/wp-json\/wp\/v2\/comments?post=88968"}],"version-history":[{"count":1,"href":"https:\/\/eldiariodesanpedro.com.ar\/sitio\/wp-json\/wp\/v2\/posts\/88968\/revisions"}],"predecessor-version":[{"id":88970,"href":"https:\/\/eldiariodesanpedro.com.ar\/sitio\/wp-json\/wp\/v2\/posts\/88968\/revisions\/88970"}],"wp:featuredmedia":[{"embeddable":true,"href":"https:\/\/eldiariodesanpedro.com.ar\/sitio\/wp-json\/wp\/v2\/media\/88969"}],"wp:attachment":[{"href":"https:\/\/eldiariodesanpedro.com.ar\/sitio\/wp-json\/wp\/v2\/media?parent=88968"}],"wp:term":[{"taxonomy":"category","embeddable":true,"href":"https:\/\/eldiariodesanpedro.com.ar\/sitio\/wp-json\/wp\/v2\/categories?post=88968"},{"taxonomy":"post_tag","embeddable":true,"href":"https:\/\/eldiariodesanpedro.com.ar\/sitio\/wp-json\/wp\/v2\/tags?post=88968"}],"curies":[{"name":"wp","href":"https:\/\/api.w.org\/{rel}","templated":true}]}}