{"id":88955,"date":"2021-03-10T13:03:48","date_gmt":"2021-03-10T16:03:48","guid":{"rendered":"https:\/\/eldiariodesanpedro.com.ar\/sitio\/?p=88955"},"modified":"2021-03-10T14:13:21","modified_gmt":"2021-03-10T17:13:21","slug":"mujer-apunalada-en-castro-asegura-que-se-autolesiono-en-un-ataque-de-ira-y-no-realizo-denuncia-contra-su-pareja","status":"publish","type":"post","link":"https:\/\/eldiariodesanpedro.com.ar\/sitio\/mujer-apunalada-en-castro-asegura-que-se-autolesiono-en-un-ataque-de-ira-y-no-realizo-denuncia-contra-su-pareja\/","title":{"rendered":"Mujer apu\u00f1alada en Castro asegura que se autolesiono en un ataque de ira y no realizo denuncia contra su pareja"},"content":{"rendered":"<!-- VideographyWP Plugin Message: Automatic video embedding prevented by plugin options. -->\n\n<p>Este fin de semana se recibi\u00f3 la denuncia por parte de una mujer que sufri\u00f3 cortes con un cuchillo en la localidad de Gobernador Castro por lo que se realizo la aprehensi\u00f3n de su pareja, pero tras el paso de los d\u00edas la supuesta victima declaro que no fue el quien la ataco sino ella misma.<\/p>\n\n\n\n<p>El pasado domingo por la madrugada una joven que reside en el barrio centenario de la vecina localidad fue trasladad al nosocomio local por haber recibido un apu\u00f1alada con una cuchilla y su estado era delicado, por lo que la polic\u00eda del destacamento llev\u00f3 cabo la aprehensi\u00f3n de un ciudadano de 38 a\u00f1os identificado como pareja de la misma de quien se sospechaba podr\u00eda ser el autor de las heridas.<\/p>\n\n\n\n<p>Tras una mejor\u00eda de la ciudadana pudo declarar e informo que en un ataque de ira ella misma se provoco la lesi\u00f3n por lo que decidi\u00f3 no realizar la correspondiente denuncia contra su pareja.<\/p>\n\n\n\n<p>Esta persona se encuentra contenida por el grupo de psic\u00f3logas de la Comisaria de la Mujer y la Familia junto con el trabajo de Laura Monfasani por la Secretaria de Desarrollo Humano para determinar si lo sucedido es as\u00ed como ella cont\u00f3 o es una reacci\u00f3n por temor.<\/p>\n\n\n\n<p>De cualquier manera el sospechoso del ataque seguir\u00e1 aprehendido en la comisaria local mientras se realiza la investigaci\u00f3n correspondiente y determinar que la declaraci\u00f3n de la victima sea real.<\/p>\n\n\n\n<figure class=\"wp-block-image size-large\"><img decoding=\"async\" width=\"672\" height=\"406\" data-attachment-id=\"88956\" data-permalink=\"https:\/\/eldiariodesanpedro.com.ar\/sitio\/mujer-apunalada-en-castro-asegura-que-se-autolesiono-en-un-ataque-de-ira-y-no-realizo-denuncia-contra-su-pareja\/detenido-por-tentativa-de-femicidio-castro-2\/\" data-orig-file=\"https:\/\/eldiariodesanpedro.com.ar\/sitio\/wp-content\/uploads\/2021\/03\/Detenido-por-tentativa-de-femicidio-Castro-1.jpg\" data-orig-size=\"672,406\" data-comments-opened=\"1\" data-image-meta=\"{&quot;aperture&quot;:&quot;0&quot;,&quot;credit&quot;:&quot;&quot;,&quot;camera&quot;:&quot;&quot;,&quot;caption&quot;:&quot;&quot;,&quot;created_timestamp&quot;:&quot;0&quot;,&quot;copyright&quot;:&quot;&quot;,&quot;focal_length&quot;:&quot;0&quot;,&quot;iso&quot;:&quot;0&quot;,&quot;shutter_speed&quot;:&quot;0&quot;,&quot;title&quot;:&quot;&quot;,&quot;orientation&quot;:&quot;1&quot;}\" data-image-title=\"Detenido-por-tentativa-de-femicidio-Castro\" data-image-description=\"\" data-image-caption=\"\" data-large-file=\"https:\/\/eldiariodesanpedro.com.ar\/sitio\/wp-content\/uploads\/2021\/03\/Detenido-por-tentativa-de-femicidio-Castro-1.jpg\" data-src=\"https:\/\/eldiariodesanpedro.com.ar\/sitio\/wp-content\/uploads\/2021\/03\/Detenido-por-tentativa-de-femicidio-Castro-1.jpg\" alt=\"\" class=\"wp-image-88956 lazyload\" data-srcset=\"https:\/\/eldiariodesanpedro.com.ar\/sitio\/wp-content\/uploads\/2021\/03\/Detenido-por-tentativa-de-femicidio-Castro-1.jpg 672w, https:\/\/eldiariodesanpedro.com.ar\/sitio\/wp-content\/uploads\/2021\/03\/Detenido-por-tentativa-de-femicidio-Castro-1-300x181.jpg 300w\" data-sizes=\"(max-width: 672px) 100vw, 672px\" src=\"data:image\/svg+xml;base64,PHN2ZyB3aWR0aD0iMSIgaGVpZ2h0PSIxIiB4bWxucz0iaHR0cDovL3d3dy53My5vcmcvMjAwMC9zdmciPjwvc3ZnPg==\" style=\"--smush-placeholder-width: 672px; --smush-placeholder-aspect-ratio: 672\/406;\" \/><\/figure>\n","protected":false},"excerpt":{"rendered":"<p>Este fin de semana se recibi\u00f3 la denuncia por parte de una mujer que sufri\u00f3 cortes con un cuchillo en la localidad de Gobernador Castro por lo que se realizo la aprehensi\u00f3n de su pareja, pero tras el paso de los d\u00edas la supuesta victima declaro que no fue el quien la ataco sino ella [&hellip;]<\/p>\n","protected":false},"author":4,"featured_media":80098,"comment_status":"open","ping_status":"closed","sticky":false,"template":"","format":"standard","meta":{"om_disable_all_campaigns":false,"_jetpack_memberships_contains_paid_content":false,"footnotes":""},"categories":[50,2,103],"tags":[],"class_list":["post-88955","post","type-post","status-publish","format-standard","has-post-thumbnail","hentry","category-destacadas","category-locales","category-policiales-locales"],"aioseo_notices":[],"gutentor_comment":0,"jetpack_featured_media_url":"https:\/\/eldiariodesanpedro.com.ar\/sitio\/wp-content\/uploads\/2020\/08\/la-comisaria-de-la-mujer___w9ngJVkEw_640x361__1.jpg","jetpack_shortlink":"https:\/\/wp.me\/p6RhLt-n8L","jetpack_sharing_enabled":true,"_links":{"self":[{"href":"https:\/\/eldiariodesanpedro.com.ar\/sitio\/wp-json\/wp\/v2\/posts\/88955","targetHints":{"allow":["GET"]}}],"collection":[{"href":"https:\/\/eldiariodesanpedro.com.ar\/sitio\/wp-json\/wp\/v2\/posts"}],"about":[{"href":"https:\/\/eldiariodesanpedro.com.ar\/sitio\/wp-json\/wp\/v2\/types\/post"}],"author":[{"embeddable":true,"href":"https:\/\/eldiariodesanpedro.com.ar\/sitio\/wp-json\/wp\/v2\/users\/4"}],"replies":[{"embeddable":true,"href":"https:\/\/eldiariodesanpedro.com.ar\/sitio\/wp-json\/wp\/v2\/comments?post=88955"}],"version-history":[{"count":2,"href":"https:\/\/eldiariodesanpedro.com.ar\/sitio\/wp-json\/wp\/v2\/posts\/88955\/revisions"}],"predecessor-version":[{"id":88965,"href":"https:\/\/eldiariodesanpedro.com.ar\/sitio\/wp-json\/wp\/v2\/posts\/88955\/revisions\/88965"}],"wp:featuredmedia":[{"embeddable":true,"href":"https:\/\/eldiariodesanpedro.com.ar\/sitio\/wp-json\/wp\/v2\/media\/80098"}],"wp:attachment":[{"href":"https:\/\/eldiariodesanpedro.com.ar\/sitio\/wp-json\/wp\/v2\/media?parent=88955"}],"wp:term":[{"taxonomy":"category","embeddable":true,"href":"https:\/\/eldiariodesanpedro.com.ar\/sitio\/wp-json\/wp\/v2\/categories?post=88955"},{"taxonomy":"post_tag","embeddable":true,"href":"https:\/\/eldiariodesanpedro.com.ar\/sitio\/wp-json\/wp\/v2\/tags?post=88955"}],"curies":[{"name":"wp","href":"https:\/\/api.w.org\/{rel}","templated":true}]}}