{"id":88951,"date":"2021-03-10T12:46:42","date_gmt":"2021-03-10T15:46:42","guid":{"rendered":"https:\/\/eldiariodesanpedro.com.ar\/sitio\/?p=88951"},"modified":"2021-03-10T12:46:48","modified_gmt":"2021-03-10T15:46:48","slug":"jovenes-del-pro-san-pedro-estuvieron-con-patricia-bullrich-y-la-invitaron-a-presentar-su-libro-en-la-ciudad","status":"publish","type":"post","link":"https:\/\/eldiariodesanpedro.com.ar\/sitio\/jovenes-del-pro-san-pedro-estuvieron-con-patricia-bullrich-y-la-invitaron-a-presentar-su-libro-en-la-ciudad\/","title":{"rendered":"J\u00f3venes del PRO San Pedro estuvieron con Patricia Bullrich y la invitaron a presentar su libro en la ciudad"},"content":{"rendered":"<!-- VideographyWP Plugin Message: Automatic video embedding prevented by plugin options. -->\n\n<p>En la jornada de ayer,  j\u00f3venes del la Juventud Pro estuvieron presentes en la presentaci\u00f3n del libro \u00abGuerra sin cuartel\u00bb  de la ex Ministra de Seguridad de la Naci\u00f3n y actual presidenta del PRO Patricia Bullrich quien recibi\u00f3 al presidente de la Juventud PRO San Pedro, Gianfranco Rasio y al vicepresidente de la misma Bautista Dell&#8217; Aqua.<\/p>\n\n\n\n<p>Luego de hablar sobre la realidad de nuestra localidad y establecer acciones futuras, adem\u00e1s tuvieron la oportunidad de ofrecerle para coordinar una pronta visita para la presentaci\u00f3n del libro en nuestra ciudad. <\/p>\n\n\n\n<p>Realiz\u00f3 un v\u00eddeo dirigido a todos los j\u00f3venes el cual ya est\u00e1 siendo viralizado en las redes.<\/p>\n\n\n\n<figure class=\"wp-block-video\"><video height=\"848\" style=\"aspect-ratio: 480 \/ 848;\" width=\"480\" autoplay controls loop src=\"https:\/\/eldiariodesanpedro.com.ar\/sitio\/wp-content\/uploads\/2021\/03\/WhatsApp-Video-2021-03-10-at-11.39.05.mp4\"><\/video><\/figure>\n","protected":false},"excerpt":{"rendered":"<p>En la jornada de ayer, j\u00f3venes del la Juventud Pro estuvieron presentes en la presentaci\u00f3n del libro \u00abGuerra sin cuartel\u00bb de la ex Ministra de Seguridad de la Naci\u00f3n y actual presidenta del PRO Patricia Bullrich quien recibi\u00f3 al presidente de la Juventud PRO San Pedro, Gianfranco Rasio y al vicepresidente de la misma Bautista [&hellip;]<\/p>\n","protected":false},"author":4,"featured_media":88953,"comment_status":"open","ping_status":"closed","sticky":false,"template":"","format":"standard","meta":{"om_disable_all_campaigns":false,"_jetpack_memberships_contains_paid_content":false,"footnotes":""},"categories":[101,2],"tags":[],"class_list":["post-88951","post","type-post","status-publish","format-standard","has-post-thumbnail","hentry","category-interes-general-locales","category-locales"],"aioseo_notices":[],"gutentor_comment":0,"jetpack_featured_media_url":"https:\/\/eldiariodesanpedro.com.ar\/sitio\/wp-content\/uploads\/2021\/03\/Sin-titulo-1-2.jpg","jetpack_shortlink":"https:\/\/wp.me\/p6RhLt-n8H","jetpack_sharing_enabled":true,"_links":{"self":[{"href":"https:\/\/eldiariodesanpedro.com.ar\/sitio\/wp-json\/wp\/v2\/posts\/88951","targetHints":{"allow":["GET"]}}],"collection":[{"href":"https:\/\/eldiariodesanpedro.com.ar\/sitio\/wp-json\/wp\/v2\/posts"}],"about":[{"href":"https:\/\/eldiariodesanpedro.com.ar\/sitio\/wp-json\/wp\/v2\/types\/post"}],"author":[{"embeddable":true,"href":"https:\/\/eldiariodesanpedro.com.ar\/sitio\/wp-json\/wp\/v2\/users\/4"}],"replies":[{"embeddable":true,"href":"https:\/\/eldiariodesanpedro.com.ar\/sitio\/wp-json\/wp\/v2\/comments?post=88951"}],"version-history":[{"count":1,"href":"https:\/\/eldiariodesanpedro.com.ar\/sitio\/wp-json\/wp\/v2\/posts\/88951\/revisions"}],"predecessor-version":[{"id":88954,"href":"https:\/\/eldiariodesanpedro.com.ar\/sitio\/wp-json\/wp\/v2\/posts\/88951\/revisions\/88954"}],"wp:featuredmedia":[{"embeddable":true,"href":"https:\/\/eldiariodesanpedro.com.ar\/sitio\/wp-json\/wp\/v2\/media\/88953"}],"wp:attachment":[{"href":"https:\/\/eldiariodesanpedro.com.ar\/sitio\/wp-json\/wp\/v2\/media?parent=88951"}],"wp:term":[{"taxonomy":"category","embeddable":true,"href":"https:\/\/eldiariodesanpedro.com.ar\/sitio\/wp-json\/wp\/v2\/categories?post=88951"},{"taxonomy":"post_tag","embeddable":true,"href":"https:\/\/eldiariodesanpedro.com.ar\/sitio\/wp-json\/wp\/v2\/tags?post=88951"}],"curies":[{"name":"wp","href":"https:\/\/api.w.org\/{rel}","templated":true}]}}