{"id":88947,"date":"2021-03-10T12:25:06","date_gmt":"2021-03-10T15:25:06","guid":{"rendered":"https:\/\/eldiariodesanpedro.com.ar\/sitio\/?p=88947"},"modified":"2021-03-10T12:25:10","modified_gmt":"2021-03-10T15:25:10","slug":"campana-en-tal-solo-1-minuto-y-20-segundos-robaron-una-tienda-de-celulares","status":"publish","type":"post","link":"https:\/\/eldiariodesanpedro.com.ar\/sitio\/campana-en-tal-solo-1-minuto-y-20-segundos-robaron-una-tienda-de-celulares\/","title":{"rendered":"CAMPANA | En tal s\u00f3lo 1 minuto y 20 segundos robaron una tienda de celulares"},"content":{"rendered":"<!-- VideographyWP Plugin Message: Automatic video embedding prevented by plugin options. -->\n\n<p>Delincuentes asaltaron el local de productos electr\u00f3nicos ubicado cerca del cruce de las Avenidas Varela y Balb\u00edn. Personal policial logr\u00f3 identificar a ambos como procedentes del barrio Villanueva y con antecedentes penales.<\/p>\n\n\n\n<figure class=\"wp-block-embed-youtube wp-block-embed is-type-video is-provider-youtube wp-embed-aspect-4-3 wp-has-aspect-ratio\"><div class=\"wp-block-embed__wrapper\">\n<iframe  style=\"display: block; margin: 0px auto;\"  id=\"_ytid_79872\"  width=\"640\" height=\"480\"  data-origwidth=\"640\" data-origheight=\"480\" src=\"https:\/\/www.youtube.com\/embed\/Eo1cBrS9FUM?enablejsapi=1&#038;autoplay=0&#038;cc_load_policy=0&#038;cc_lang_pref=&#038;iv_load_policy=1&#038;loop=0&#038;rel=1&#038;fs=1&#038;playsinline=0&#038;autohide=2&#038;theme=dark&#038;color=red&#038;controls=1&#038;disablekb=0&#038;\" class=\"__youtube_prefs__  epyt-is-override  no-lazyload\" title=\"YouTube player\"  allow=\"fullscreen; accelerometer; autoplay; clipboard-write; encrypted-media; gyroscope; picture-in-picture; web-share\" referrerpolicy=\"strict-origin-when-cross-origin\" allowfullscreen data-no-lazy=\"1\" data-skipgform_ajax_framebjll=\"\"><\/iframe>\n<\/div><\/figure>\n\n\n\n<p>El sorpresivo delito ocurri\u00f3 el pasado domingo alrededor de las cinco y media de la tarde en la sede de \u00abMyM Cell Campana\u00bb, ubicada sobre la Avenida Varela al 993.<br><br>Los dos delincuentes se acercaron al lugar a bordo de una motocicleta modelo Honda Wave color negra, ingresaron al local, amenazaron al personal y a una clienta con armas de fuego, llev\u00e1ndose finalmente alrededor de 15 tel\u00e9fonos m\u00f3viles, todo en un per\u00edodo que no excedi\u00f3 el minuto y medio.<br><br>Entre los celulares robados hab\u00eda tanto modelos nuevos que dispuestos para la venta en el local, como as\u00ed tambi\u00e9n tel\u00e9fonos de vecinos que se encontraban en reparaci\u00f3n.<br><br>Personal de las fuerzas de seguridad logr\u00f3 identificar a los dos malvivientes a partir del material audiovisual captado por las c\u00e1maras de seguridad que hab\u00edan sido instaladas en el lugar.<br><br>Al parecer, se tratar\u00eda de dos j\u00f3venes oriundos del barrio Villanueva que ya cuentan con antecedentes penales.<\/p>\n\n\n\n<p>Fuente: <a href=\"https:\/\/www.campananoticias.com\/\">Campana Noticias<\/a><\/p>\n","protected":false},"excerpt":{"rendered":"<p>Delincuentes asaltaron el local de productos electr\u00f3nicos ubicado cerca del cruce de las Avenidas Varela y Balb\u00edn. Personal policial logr\u00f3 identificar a ambos como procedentes del barrio Villanueva y con antecedentes penales. El sorpresivo delito ocurri\u00f3 el pasado domingo alrededor de las cinco y media de la tarde en la sede de \u00abMyM Cell Campana\u00bb, [&hellip;]<\/p>\n","protected":false},"author":4,"featured_media":88948,"comment_status":"open","ping_status":"closed","sticky":false,"template":"","format":"standard","meta":{"om_disable_all_campaigns":false,"_jetpack_memberships_contains_paid_content":false,"footnotes":""},"categories":[2],"tags":[],"class_list":["post-88947","post","type-post","status-publish","format-standard","has-post-thumbnail","hentry","category-locales"],"aioseo_notices":[],"gutentor_comment":0,"jetpack_featured_media_url":"https:\/\/eldiariodesanpedro.com.ar\/sitio\/wp-content\/uploads\/2021\/03\/2021-03-10.png","jetpack_shortlink":"https:\/\/wp.me\/p6RhLt-n8D","jetpack_sharing_enabled":true,"_links":{"self":[{"href":"https:\/\/eldiariodesanpedro.com.ar\/sitio\/wp-json\/wp\/v2\/posts\/88947","targetHints":{"allow":["GET"]}}],"collection":[{"href":"https:\/\/eldiariodesanpedro.com.ar\/sitio\/wp-json\/wp\/v2\/posts"}],"about":[{"href":"https:\/\/eldiariodesanpedro.com.ar\/sitio\/wp-json\/wp\/v2\/types\/post"}],"author":[{"embeddable":true,"href":"https:\/\/eldiariodesanpedro.com.ar\/sitio\/wp-json\/wp\/v2\/users\/4"}],"replies":[{"embeddable":true,"href":"https:\/\/eldiariodesanpedro.com.ar\/sitio\/wp-json\/wp\/v2\/comments?post=88947"}],"version-history":[{"count":1,"href":"https:\/\/eldiariodesanpedro.com.ar\/sitio\/wp-json\/wp\/v2\/posts\/88947\/revisions"}],"predecessor-version":[{"id":88949,"href":"https:\/\/eldiariodesanpedro.com.ar\/sitio\/wp-json\/wp\/v2\/posts\/88947\/revisions\/88949"}],"wp:featuredmedia":[{"embeddable":true,"href":"https:\/\/eldiariodesanpedro.com.ar\/sitio\/wp-json\/wp\/v2\/media\/88948"}],"wp:attachment":[{"href":"https:\/\/eldiariodesanpedro.com.ar\/sitio\/wp-json\/wp\/v2\/media?parent=88947"}],"wp:term":[{"taxonomy":"category","embeddable":true,"href":"https:\/\/eldiariodesanpedro.com.ar\/sitio\/wp-json\/wp\/v2\/categories?post=88947"},{"taxonomy":"post_tag","embeddable":true,"href":"https:\/\/eldiariodesanpedro.com.ar\/sitio\/wp-json\/wp\/v2\/tags?post=88947"}],"curies":[{"name":"wp","href":"https:\/\/api.w.org\/{rel}","templated":true}]}}