{"id":88944,"date":"2021-03-10T12:19:32","date_gmt":"2021-03-10T15:19:32","guid":{"rendered":"https:\/\/eldiariodesanpedro.com.ar\/sitio\/?p=88944"},"modified":"2021-03-10T12:19:36","modified_gmt":"2021-03-10T15:19:36","slug":"ramallo-el-festival-del-ramallo-pora-sera-transmitido-por-tv-y-streaming","status":"publish","type":"post","link":"https:\/\/eldiariodesanpedro.com.ar\/sitio\/ramallo-el-festival-del-ramallo-pora-sera-transmitido-por-tv-y-streaming\/","title":{"rendered":"RAMALLO | El festival del Ramallo Por\u00e1 ser\u00e1 transmitido por TV y streaming"},"content":{"rendered":"<!-- VideographyWP Plugin Message: Automatic video embedding prevented by plugin options. -->\n\n<p>La Municipalidad de Ramallo est\u00e1 trabajando para realizar el tradicional festival art\u00edstico con un gran alcance, en el marco del festejo por su 25 aniversario. Ser\u00e1 transmitido por TV y por streaming, llegando a todo el norte bonaerense y el sur santafesino.<\/p>\n\n\n\n<p>La fecha elegida para el evento es el viernes 26 de marzo por la noche. La novedad de esta edici\u00f3n es que se har\u00e1 un show que ser\u00e1 emitido por las redes sociales del Municipio y tambi\u00e9n por canal 2 Cablevisi\u00f3n (canal local) a las 22 horas.<\/p>\n\n\n\n<p>El director del \u00e1rea de Cultura municipal,&nbsp;<strong>El\u00edas Georgetti<\/strong>, adelant\u00f3 que habr\u00e1 una destacada participaci\u00f3n de artistas locales.<\/p>\n\n\n\n<p>Dadas las recomendaciones sanitarias para evitar el contagio de COVID-19, se realizar\u00e1 \u00edntegramente de forma virtual.<\/p>\n\n\n\n<p>\u201cAgotamos todas las instancias para que Ramallo Por\u00e1 tenga al menos un formato mixto de presencialidad y virtualidad, pero consideramos que es un evento tan popular y esperado que hubiera sido muy dif\u00edcil e injusto que algunos pudieran estar y otros no\u201d, indic\u00f3 el funcionario.<\/p>\n\n\n\n<p>Y recalc\u00f3 que \u201cpor eso, decidimos poner a disposici\u00f3n de los artistas una importante infraestructura y emitirlo por redes sociales y la televisi\u00f3n para que todos puedan disfrutarlo\u201d.<\/p>\n\n\n\n<p>Fuente: <a href=\"http:\/\/www.ramallociudad.com.ar\/nota.asp?id=162347&amp;t=El-festival-del-Ramallo-Pora-sera-transmitido-por-TV-y-streaming\">Ramallo Ciudad<\/a><\/p>\n","protected":false},"excerpt":{"rendered":"<p>La Municipalidad de Ramallo est\u00e1 trabajando para realizar el tradicional festival art\u00edstico con un gran alcance, en el marco del festejo por su 25 aniversario. Ser\u00e1 transmitido por TV y por streaming, llegando a todo el norte bonaerense y el sur santafesino. La fecha elegida para el evento es el viernes 26 de marzo por [&hellip;]<\/p>\n","protected":false},"author":4,"featured_media":88945,"comment_status":"open","ping_status":"closed","sticky":false,"template":"","format":"standard","meta":{"om_disable_all_campaigns":false,"_jetpack_memberships_contains_paid_content":false,"footnotes":""},"categories":[621],"tags":[],"class_list":["post-88944","post","type-post","status-publish","format-standard","has-post-thumbnail","hentry","category-regionales"],"aioseo_notices":[],"gutentor_comment":0,"jetpack_featured_media_url":"https:\/\/eldiariodesanpedro.com.ar\/sitio\/wp-content\/uploads\/2021\/03\/bbx_62446344_1_26.48.jpeg","jetpack_shortlink":"https:\/\/wp.me\/p6RhLt-n8A","jetpack_sharing_enabled":true,"_links":{"self":[{"href":"https:\/\/eldiariodesanpedro.com.ar\/sitio\/wp-json\/wp\/v2\/posts\/88944","targetHints":{"allow":["GET"]}}],"collection":[{"href":"https:\/\/eldiariodesanpedro.com.ar\/sitio\/wp-json\/wp\/v2\/posts"}],"about":[{"href":"https:\/\/eldiariodesanpedro.com.ar\/sitio\/wp-json\/wp\/v2\/types\/post"}],"author":[{"embeddable":true,"href":"https:\/\/eldiariodesanpedro.com.ar\/sitio\/wp-json\/wp\/v2\/users\/4"}],"replies":[{"embeddable":true,"href":"https:\/\/eldiariodesanpedro.com.ar\/sitio\/wp-json\/wp\/v2\/comments?post=88944"}],"version-history":[{"count":1,"href":"https:\/\/eldiariodesanpedro.com.ar\/sitio\/wp-json\/wp\/v2\/posts\/88944\/revisions"}],"predecessor-version":[{"id":88946,"href":"https:\/\/eldiariodesanpedro.com.ar\/sitio\/wp-json\/wp\/v2\/posts\/88944\/revisions\/88946"}],"wp:featuredmedia":[{"embeddable":true,"href":"https:\/\/eldiariodesanpedro.com.ar\/sitio\/wp-json\/wp\/v2\/media\/88945"}],"wp:attachment":[{"href":"https:\/\/eldiariodesanpedro.com.ar\/sitio\/wp-json\/wp\/v2\/media?parent=88944"}],"wp:term":[{"taxonomy":"category","embeddable":true,"href":"https:\/\/eldiariodesanpedro.com.ar\/sitio\/wp-json\/wp\/v2\/categories?post=88944"},{"taxonomy":"post_tag","embeddable":true,"href":"https:\/\/eldiariodesanpedro.com.ar\/sitio\/wp-json\/wp\/v2\/tags?post=88944"}],"curies":[{"name":"wp","href":"https:\/\/api.w.org\/{rel}","templated":true}]}}