{"id":88941,"date":"2021-03-10T12:17:08","date_gmt":"2021-03-10T15:17:08","guid":{"rendered":"https:\/\/eldiariodesanpedro.com.ar\/sitio\/?p=88941"},"modified":"2021-03-10T12:17:12","modified_gmt":"2021-03-10T15:17:12","slug":"ramallo-preocupacion-en-la-fabrica-fiplasto-por-posibles-despidos","status":"publish","type":"post","link":"https:\/\/eldiariodesanpedro.com.ar\/sitio\/ramallo-preocupacion-en-la-fabrica-fiplasto-por-posibles-despidos\/","title":{"rendered":"RAMALLO | Preocupaci\u00f3n en la fabrica Fiplasto por posibles despidos"},"content":{"rendered":"<!-- VideographyWP Plugin Message: Automatic video embedding prevented by plugin options. -->\n\n<p>El Sindicato de Trabajadores de Fiplasto manifest\u00f3 su preocupaci\u00f3n por la sostenibilidad de los puestos de trabajo en la empresa, tras la rotura de una de sus prensas, que significa el 50 por ciento de merma en la producci\u00f3n.<\/p>\n\n\n\n<p>El secretario adjunto del Sindicato de Fiplasto,\u00a0<strong>Juan Silenzo<\/strong>, explic\u00f3 que \u201cdentro de Fiplasto hay una preocupaci\u00f3n muy grande. Hace unas semanas se rompi\u00f3 una prensa que es fundamental para trabajar y hoy la producci\u00f3n est\u00e1 al 50 por ciento\u201d.<\/p>\n\n\n\n<p>La empresa tiene intenciones de repararla, pero depende de que vengan t\u00e9cnicos de Suecia, lo cual demandar\u00eda unos tres meses en concretarse.<\/p>\n\n\n\n<p>Actualmente en la planta hay 160 trabajadores que ven con preocupaci\u00f3n la situaci\u00f3n laboral en el sostenimiento de los puestos ante esta situaci\u00f3n.<\/p>\n\n\n\n<p>\u201cEstamos preocupados que por esta situaci\u00f3n de la prensa y que no haya p\u00e9rdida de empleo. La situaci\u00f3n es compleja a nivel local y en todo el pa\u00eds\u201d, cerr\u00f3 el referente sindical.<\/p>\n\n\n\n<p>Fuente: <a href=\"http:\/\/www.ramallociudad.com.ar\/nota.asp?id=162345&amp;t=Preocupacion-en-Fiplasto-por-el-sostenimiento-de-los-puestos-de-trabajo\">Ramallo Ciudad<\/a><\/p>\n","protected":false},"excerpt":{"rendered":"<p>El Sindicato de Trabajadores de Fiplasto manifest\u00f3 su preocupaci\u00f3n por la sostenibilidad de los puestos de trabajo en la empresa, tras la rotura de una de sus prensas, que significa el 50 por ciento de merma en la producci\u00f3n. El secretario adjunto del Sindicato de Fiplasto,\u00a0Juan Silenzo, explic\u00f3 que \u201cdentro de Fiplasto hay una preocupaci\u00f3n [&hellip;]<\/p>\n","protected":false},"author":4,"featured_media":88942,"comment_status":"open","ping_status":"closed","sticky":false,"template":"","format":"standard","meta":{"om_disable_all_campaigns":false,"_jetpack_memberships_contains_paid_content":false,"footnotes":""},"categories":[621],"tags":[],"class_list":["post-88941","post","type-post","status-publish","format-standard","has-post-thumbnail","hentry","category-regionales"],"aioseo_notices":[],"gutentor_comment":0,"jetpack_featured_media_url":"https:\/\/eldiariodesanpedro.com.ar\/sitio\/wp-content\/uploads\/2021\/03\/bbx_959056473_1_fiplasto.jpg","jetpack_shortlink":"https:\/\/wp.me\/p6RhLt-n8x","jetpack_sharing_enabled":true,"_links":{"self":[{"href":"https:\/\/eldiariodesanpedro.com.ar\/sitio\/wp-json\/wp\/v2\/posts\/88941","targetHints":{"allow":["GET"]}}],"collection":[{"href":"https:\/\/eldiariodesanpedro.com.ar\/sitio\/wp-json\/wp\/v2\/posts"}],"about":[{"href":"https:\/\/eldiariodesanpedro.com.ar\/sitio\/wp-json\/wp\/v2\/types\/post"}],"author":[{"embeddable":true,"href":"https:\/\/eldiariodesanpedro.com.ar\/sitio\/wp-json\/wp\/v2\/users\/4"}],"replies":[{"embeddable":true,"href":"https:\/\/eldiariodesanpedro.com.ar\/sitio\/wp-json\/wp\/v2\/comments?post=88941"}],"version-history":[{"count":1,"href":"https:\/\/eldiariodesanpedro.com.ar\/sitio\/wp-json\/wp\/v2\/posts\/88941\/revisions"}],"predecessor-version":[{"id":88943,"href":"https:\/\/eldiariodesanpedro.com.ar\/sitio\/wp-json\/wp\/v2\/posts\/88941\/revisions\/88943"}],"wp:featuredmedia":[{"embeddable":true,"href":"https:\/\/eldiariodesanpedro.com.ar\/sitio\/wp-json\/wp\/v2\/media\/88942"}],"wp:attachment":[{"href":"https:\/\/eldiariodesanpedro.com.ar\/sitio\/wp-json\/wp\/v2\/media?parent=88941"}],"wp:term":[{"taxonomy":"category","embeddable":true,"href":"https:\/\/eldiariodesanpedro.com.ar\/sitio\/wp-json\/wp\/v2\/categories?post=88941"},{"taxonomy":"post_tag","embeddable":true,"href":"https:\/\/eldiariodesanpedro.com.ar\/sitio\/wp-json\/wp\/v2\/tags?post=88941"}],"curies":[{"name":"wp","href":"https:\/\/api.w.org\/{rel}","templated":true}]}}