{"id":88938,"date":"2021-03-10T12:13:24","date_gmt":"2021-03-10T15:13:24","guid":{"rendered":"https:\/\/eldiariodesanpedro.com.ar\/sitio\/?p=88938"},"modified":"2021-03-10T12:13:28","modified_gmt":"2021-03-10T15:13:28","slug":"el-gobierno-bonaerense-restringira-salidas-al-exterior","status":"publish","type":"post","link":"https:\/\/eldiariodesanpedro.com.ar\/sitio\/el-gobierno-bonaerense-restringira-salidas-al-exterior\/","title":{"rendered":"El gobierno bonaerense \u201crestringir\u00e1 salidas al exterior\u201d"},"content":{"rendered":"<!-- VideographyWP Plugin Message: Automatic video embedding prevented by plugin options. -->\n\n<p>Daniel Goll\u00e1n sobre las nuevas cepas y restringir la salida de turistas<br>La preocupaci\u00f3n por evitar un rebrote de coronavirus en la Argentina lleva a las autoridades a evaluar nuevas medidas de prevenci\u00f3n, principalmente para evitar que se agrave el efecto que pueden provocar las variantes brasile\u00f1a y brit\u00e1nica de COVID-19, que circulan en la zona sur de Latinoam\u00e9rica, aunque todav\u00eda no registran circulaci\u00f3n comunitaria en el pa\u00eds.<\/p>\n\n\n\n<p>En ese contexto, el ministro de Salud de la provincia de Buenos Aires, Daniel Goll\u00e1n, adelant\u00f3 una de las medidas que piensa implementar el Gobierno a corto plazo: \u201cNosotros en estos momentos tenemos 7.000 turistas que tienen que regresar al pa\u00eds que est\u00e1n en estos lugares (en Brasil y zonas aleda\u00f1as), por lo tanto, a partir del decreto que se renueva el d\u00eda 12 de marzo (el pr\u00f3ximo viernes) se va a restringir muy fuertemente la salida de nuevos turistas hacia las regiones de circulaci\u00f3n del virus\u201d.<\/p>\n\n\n\n<p>\u201cEn cuanto a los que regresen, van a tener un sistema de cuarentena, se est\u00e1 estableciendo qu\u00e9 modalidad se va a difundir; cada provincia podr\u00e1 usar metodolog\u00edas mixtas, pero la idea es que sea un control muy, muy fuerte; que cumplan por lo menos 10 \u00f3 14 d\u00edas con un PCR para que el virus no se disperse en nuestro pa\u00eds\u201d, ampli\u00f3 el funcionario del gobierno de Axel Kicillof.<br><br>\u201cHay preocupaci\u00f3n por tres variantes\u201d, enfatiz\u00f3 el ministro, al referirse a las cepas sudafricana, brit\u00e1nica y la de Manos; pero aclar\u00f3 que \u201cen Am\u00e9rica no hay registro de ingresos ni circulaci\u00f3n comunitaria en ning\u00fan pa\u00eds de la cepa sudafricana\u201d.<br>Sin embargo, dijo que \u201cla famosa cepa inglesa o brit\u00e1nica lleg\u00f3 a tener 4 \u00f3 5 detecciones en nuestro pa\u00eds y que a\u00fan no logr\u00f3 expandirse\u201d.<br><br>Por \u00faltimo, se\u00f1al\u00f3 que la cepa de Manaos \u201cest\u00e1 muy extendida en la zona de Sudam\u00e9rica, sobre todo Brasil y pa\u00edses aleda\u00f1os\u201d, pero que todav\u00eda no se registr\u00f3 como forma comunitaria en Argentina. \u201cSe han seguido los casos y los hemos logrado contener\u201d, precis\u00f3.<br><br>Fuente: Infobae<\/p>\n","protected":false},"excerpt":{"rendered":"<p>Daniel Goll\u00e1n sobre las nuevas cepas y restringir la salida de turistasLa preocupaci\u00f3n por evitar un rebrote de coronavirus en la Argentina lleva a las autoridades a evaluar nuevas medidas de prevenci\u00f3n, principalmente para evitar que se agrave el efecto que pueden provocar las variantes brasile\u00f1a y brit\u00e1nica de COVID-19, que circulan en la zona [&hellip;]<\/p>\n","protected":false},"author":4,"featured_media":88939,"comment_status":"open","ping_status":"closed","sticky":false,"template":"","format":"standard","meta":{"om_disable_all_campaigns":false,"_jetpack_memberships_contains_paid_content":false,"footnotes":""},"categories":[621],"tags":[],"class_list":["post-88938","post","type-post","status-publish","format-standard","has-post-thumbnail","hentry","category-regionales"],"aioseo_notices":[],"gutentor_comment":0,"jetpack_featured_media_url":"https:\/\/eldiariodesanpedro.com.ar\/sitio\/wp-content\/uploads\/2021\/03\/no_5r5iw0ygw0n3ed15f9179dc8acac_1004x565.jpg","jetpack_shortlink":"https:\/\/wp.me\/p6RhLt-n8u","jetpack_sharing_enabled":true,"_links":{"self":[{"href":"https:\/\/eldiariodesanpedro.com.ar\/sitio\/wp-json\/wp\/v2\/posts\/88938","targetHints":{"allow":["GET"]}}],"collection":[{"href":"https:\/\/eldiariodesanpedro.com.ar\/sitio\/wp-json\/wp\/v2\/posts"}],"about":[{"href":"https:\/\/eldiariodesanpedro.com.ar\/sitio\/wp-json\/wp\/v2\/types\/post"}],"author":[{"embeddable":true,"href":"https:\/\/eldiariodesanpedro.com.ar\/sitio\/wp-json\/wp\/v2\/users\/4"}],"replies":[{"embeddable":true,"href":"https:\/\/eldiariodesanpedro.com.ar\/sitio\/wp-json\/wp\/v2\/comments?post=88938"}],"version-history":[{"count":1,"href":"https:\/\/eldiariodesanpedro.com.ar\/sitio\/wp-json\/wp\/v2\/posts\/88938\/revisions"}],"predecessor-version":[{"id":88940,"href":"https:\/\/eldiariodesanpedro.com.ar\/sitio\/wp-json\/wp\/v2\/posts\/88938\/revisions\/88940"}],"wp:featuredmedia":[{"embeddable":true,"href":"https:\/\/eldiariodesanpedro.com.ar\/sitio\/wp-json\/wp\/v2\/media\/88939"}],"wp:attachment":[{"href":"https:\/\/eldiariodesanpedro.com.ar\/sitio\/wp-json\/wp\/v2\/media?parent=88938"}],"wp:term":[{"taxonomy":"category","embeddable":true,"href":"https:\/\/eldiariodesanpedro.com.ar\/sitio\/wp-json\/wp\/v2\/categories?post=88938"},{"taxonomy":"post_tag","embeddable":true,"href":"https:\/\/eldiariodesanpedro.com.ar\/sitio\/wp-json\/wp\/v2\/tags?post=88938"}],"curies":[{"name":"wp","href":"https:\/\/api.w.org\/{rel}","templated":true}]}}