{"id":88935,"date":"2021-03-10T12:08:12","date_gmt":"2021-03-10T15:08:12","guid":{"rendered":"https:\/\/eldiariodesanpedro.com.ar\/sitio\/?p=88935"},"modified":"2021-03-10T12:08:16","modified_gmt":"2021-03-10T15:08:16","slug":"campana-secuestraron-en-los-cardales-cinco-toneladas-de-marihuana","status":"publish","type":"post","link":"https:\/\/eldiariodesanpedro.com.ar\/sitio\/campana-secuestraron-en-los-cardales-cinco-toneladas-de-marihuana\/","title":{"rendered":"CAMPANA | Secuestraron en Los Cardales cinco toneladas de marihuana"},"content":{"rendered":"<!-- VideographyWP Plugin Message: Automatic video embedding prevented by plugin options. -->\n\n<p>M\u00e1s de cinco toneladas de marihuana fueron secuestradas cuando eran trasladadas a bordo de un cami\u00f3n procedente de Brasil en Los Cardales, ubicada en el partido de Exaltaci\u00f3n de la Cruz, y la sospecha de los investigadores es que la droga pertenece a la misma banda a la que el a\u00f1o pasado se le incautaron otros 5.000 kilos, cuyos ladrillos ten\u00edan estampadas im\u00e1genes de Lionel Messi y Pablo Escobar.<\/p>\n\n\n\n<p><strong>El procedimiento, en el que fue detenido el chofer del cami\u00f3n que trasladaba la marihuana<\/strong>, fue realizado por agentes del Departamento Lucha contra el Crimen Organizado de la Polic\u00eda de la Ciudad, y de la Divisi\u00f3n Investigaciones Narcotr\u00e1fico Interior Noreste, de la Direcci\u00f3n General de Aduanas.<\/p>\n\n\n\n<p>Sobre&nbsp;<strong>el operativo, ordenado por el juez federal Ariel Lijo, el secretario de Justicia y Seguridad de la ciudad, Marcelo D\u2019Alessandro, y el jefe de la Polic\u00eda de la Ciudad, Gabriel Berard,<\/strong>&nbsp;dieron esta tarde una conferencia de prensa en la Comisar\u00eda 4D, situada en Montes en la de Oca 861.<\/p>\n\n\n\n<p>\u201cEl cami\u00f3n ingres\u00f3 al pa\u00eds y le dieron unos precintos ap\u00f3crifos para poder movilizarse como cargamento en tr\u00e1nsito. Fue chequeado por el Sistema Malvinas y no estaba esa carga, por lo que despu\u00e9s de m\u00e1s de mil kil\u00f3metros de seguimiento, y una investigaci\u00f3n muy profesional, logramos secuestrar la droga en Cardales\u201d, explic\u00f3 D\u2019Alessandro.<\/p>\n\n\n\n<p>A su vez, el funcionario destac\u00f3 que la Polic\u00eda de la Ciudad lleva \u201cm\u00e1s de 30.000 kilos de drogas sacados de las calles\u201d desde la modificaci\u00f3n de la Ley de Narcocriminalidad, y elogi\u00f3 el trabajo de las Brigadas iniciado hace dos a\u00f1os.<\/p>\n\n\n\n<p>\u201cEste es nuestro compromiso irrestricto contra el narcotr\u00e1fico, trabajando en conjunto para limpiar los barrios de la Ciudad\u201d, afirm\u00f3.<\/p>\n\n\n\n<p>Por su parte, Berard se\u00f1al\u00f3 que \u201ceste operativo es la resultante de distintos operativos que se iniciaron en 2019\u201d, ya que \u201ca lo largo de estos a\u00f1os se han decomisado cargamentos que ven\u00edan desde el norte por la Mesopotamia y que llegaban a la Ciudad para abastecer a los lugares donde se comercializan estas sustancias\u201d.<\/p>\n\n\n\n<p>\u201cEsta no es una persecuci\u00f3n al consumidor, lo que buscamos es llegar al origen de la sustancia y los distribuidores, estamos yendo sobre esas personas\u201d, a\u00f1adi\u00f3.<\/p>\n\n\n\n<p>Voceros vinculados al operativo informaron que<strong>\u00a0el cargamento fue detectado alrededor de las 18 del pasado viernes, cerca del kil\u00f3metro 180 de la ruta provincial 6, a la altura de la localidad Los Cardales.<\/strong><\/p>\n\n\n\n<p>El cami\u00f3n secuestrado es un Volvo de la empresa Trans Falls, que llevaba a bordo un total de 5.641 ladrillos de marihuana por un total de 5.181,75 kilos, valuados en unos 750 millones de pesos.<strong>El operativo<\/strong><\/p>\n\n\n\n<p>El denominado \u201cOperativo Cardales\u201d se desarroll\u00f3 luego de una investigaci\u00f3n que permiti\u00f3 dilucidar que dicho cami\u00f3n procedente de Brasil, cuya documentaci\u00f3n aduanera era falsa, pod\u00eda trasladar estupefacientes.<\/p>\n\n\n\n<p>Por ese motivo, con el aval del juez Lijo, se mont\u00f3 un operativo controlado de vigilancia desde la provincia de Misiones para identificar el lugar de descarga.<\/p>\n\n\n\n<p>Sin embargo, durante el recorrido el chofer, de 49 a\u00f1os, sospech\u00f3 de la presencia de veh\u00edculos no identificados y comenz\u00f3 a realizar maniobras evasivas.<\/p>\n\n\n\n<p>Como la intenci\u00f3n de los oficiales era establecer si el rodado contaba con apoyo log\u00edstico durante el trayecto, cuando se verific\u00f3 que se trasladaba sin compa\u00f1\u00eda, los agentes lo interceptaron en Los Cardales.<\/p>\n\n\n\n<p>Tras detener la marcha en una zona descampada el conductor oriundo de Brasil intent\u00f3 escaparse, pero la zona ya hab\u00eda sido asegurada y pudo ser detenido como acusado de infringir la Ley de Drogas.<\/p>\n\n\n\n<p>Momentos despu\u00e9s, los efectivos de la Polic\u00eda de la Ciudad y personal de Aduanas inspeccionaron el cami\u00f3n y hallaron las cinco toneladas de marihuana.<\/p>\n\n\n\n<p>Los pesquisas procuraban determinar si el cargamento pertenec\u00eda a la misma organizaci\u00f3n a la que en noviembre del a\u00f1o pasado se le incautaron en la ciudad correntina de Santo Tom\u00e9 otras cinco toneladas de la misma que droga, cuyos panes llevaban logos con una caricatura del futbolista Messi y del narco Escobar Gaviria.<\/p>\n\n\n\n<p>Ese operativo, supervisado por el mismo juzgado federal y con la participaci\u00f3n conjunta de la Polic\u00eda de la Ciudad y la Polic\u00eda Federal, se llam\u00f3 \u201cBrujas Verdes\u201d porque se realiz\u00f3 el fin de semana de Halloween.<\/p>\n\n\n\n<p>En aquella oportunidad hubo cuatro detenidos y los investigadores informaron que la droga se dirig\u00eda hacia las villas 21.24 y Zavaleta, ambas en el barrio porte\u00f1o de Barracas, y de ah\u00ed la iban a distribuir en distintas zonas de la ciudad de Buenos Aires y del conurbano.<\/p>\n\n\n\n<p>Fuente: <a href=\"https:\/\/impactolocal.com.ar\/2021\/03\/10\/secuestraron-en-los-cardales-cinco-toneladas-de-marihuana\/\">Impacto Local<\/a><\/p>\n","protected":false},"excerpt":{"rendered":"<p>M\u00e1s de cinco toneladas de marihuana fueron secuestradas cuando eran trasladadas a bordo de un cami\u00f3n procedente de Brasil en Los Cardales, ubicada en el partido de Exaltaci\u00f3n de la Cruz, y la sospecha de los investigadores es que la droga pertenece a la misma banda a la que el a\u00f1o pasado se le incautaron [&hellip;]<\/p>\n","protected":false},"author":4,"featured_media":88936,"comment_status":"open","ping_status":"closed","sticky":false,"template":"","format":"standard","meta":{"om_disable_all_campaigns":false,"_jetpack_memberships_contains_paid_content":false,"footnotes":""},"categories":[621],"tags":[],"class_list":["post-88935","post","type-post","status-publish","format-standard","has-post-thumbnail","hentry","category-regionales"],"aioseo_notices":[],"gutentor_comment":0,"jetpack_featured_media_url":"https:\/\/eldiariodesanpedro.com.ar\/sitio\/wp-content\/uploads\/2021\/03\/604771db9af5c_1004x565.jpg","jetpack_shortlink":"https:\/\/wp.me\/p6RhLt-n8r","jetpack_sharing_enabled":true,"_links":{"self":[{"href":"https:\/\/eldiariodesanpedro.com.ar\/sitio\/wp-json\/wp\/v2\/posts\/88935","targetHints":{"allow":["GET"]}}],"collection":[{"href":"https:\/\/eldiariodesanpedro.com.ar\/sitio\/wp-json\/wp\/v2\/posts"}],"about":[{"href":"https:\/\/eldiariodesanpedro.com.ar\/sitio\/wp-json\/wp\/v2\/types\/post"}],"author":[{"embeddable":true,"href":"https:\/\/eldiariodesanpedro.com.ar\/sitio\/wp-json\/wp\/v2\/users\/4"}],"replies":[{"embeddable":true,"href":"https:\/\/eldiariodesanpedro.com.ar\/sitio\/wp-json\/wp\/v2\/comments?post=88935"}],"version-history":[{"count":1,"href":"https:\/\/eldiariodesanpedro.com.ar\/sitio\/wp-json\/wp\/v2\/posts\/88935\/revisions"}],"predecessor-version":[{"id":88937,"href":"https:\/\/eldiariodesanpedro.com.ar\/sitio\/wp-json\/wp\/v2\/posts\/88935\/revisions\/88937"}],"wp:featuredmedia":[{"embeddable":true,"href":"https:\/\/eldiariodesanpedro.com.ar\/sitio\/wp-json\/wp\/v2\/media\/88936"}],"wp:attachment":[{"href":"https:\/\/eldiariodesanpedro.com.ar\/sitio\/wp-json\/wp\/v2\/media?parent=88935"}],"wp:term":[{"taxonomy":"category","embeddable":true,"href":"https:\/\/eldiariodesanpedro.com.ar\/sitio\/wp-json\/wp\/v2\/categories?post=88935"},{"taxonomy":"post_tag","embeddable":true,"href":"https:\/\/eldiariodesanpedro.com.ar\/sitio\/wp-json\/wp\/v2\/tags?post=88935"}],"curies":[{"name":"wp","href":"https:\/\/api.w.org\/{rel}","templated":true}]}}