{"id":88923,"date":"2021-03-10T11:15:46","date_gmt":"2021-03-10T14:15:46","guid":{"rendered":"https:\/\/eldiariodesanpedro.com.ar\/sitio\/?p=88923"},"modified":"2021-03-10T11:15:51","modified_gmt":"2021-03-10T14:15:51","slug":"entradera-en-zona-rural-donde-se-llevaron-dinero-en-efectivo-y-golpearon-a-un-hombre-mayor","status":"publish","type":"post","link":"https:\/\/eldiariodesanpedro.com.ar\/sitio\/entradera-en-zona-rural-donde-se-llevaron-dinero-en-efectivo-y-golpearon-a-un-hombre-mayor\/","title":{"rendered":"Entradera en zona rural donde se llevaron dinero en efectivo y golpearon a un hombre mayor"},"content":{"rendered":"<!-- VideographyWP Plugin Message: Automatic video embedding prevented by plugin options. -->\n\n<p>Este martes ocurri\u00f3 un nuevo hecho delictivo donde una persona mayor de edad sufri\u00f3 una entradera en zona rural por parte de tres delincuentes armados.<\/p>\n\n\n\n<p>El hecho ocurri\u00f3 en la jornada de ayer en Camino Igarzabal en la zona rural de nuestra ciudad donde reside un ciudadano de 60 a\u00f1os de edad quien es sorprendido por 3 masculino que hasta el momento no fueron identificados quienes redujeron a la v\u00edctima despojandolo de dinero en efectivo y un televisor Led.<\/p>\n\n\n\n<p>Los delincuentes se dieron a&nbsp; la fuga y la v\u00edctima presentaba lesiones leves por los golpes recibidos en el t\u00f3rax.<\/p>\n\n\n\n<p>La polic\u00eda de nuestra ciudad investiga el hecho para poder dar con los malvivientes.<\/p>\n","protected":false},"excerpt":{"rendered":"<p>Este martes ocurri\u00f3 un nuevo hecho delictivo donde una persona mayor de edad sufri\u00f3 una entradera en zona rural por parte de tres delincuentes armados. El hecho ocurri\u00f3 en la jornada de ayer en Camino Igarzabal en la zona rural de nuestra ciudad donde reside un ciudadano de 60 a\u00f1os de edad quien es sorprendido [&hellip;]<\/p>\n","protected":false},"author":4,"featured_media":80744,"comment_status":"open","ping_status":"closed","sticky":false,"template":"","format":"standard","meta":{"om_disable_all_campaigns":false,"_jetpack_memberships_contains_paid_content":false,"footnotes":""},"categories":[50,2,103],"tags":[],"class_list":["post-88923","post","type-post","status-publish","format-standard","has-post-thumbnail","hentry","category-destacadas","category-locales","category-policiales-locales"],"aioseo_notices":[],"gutentor_comment":0,"jetpack_featured_media_url":"https:\/\/eldiariodesanpedro.com.ar\/sitio\/wp-content\/uploads\/2020\/09\/patrulla-rural.jpg","jetpack_shortlink":"https:\/\/wp.me\/p6RhLt-n8f","jetpack_sharing_enabled":true,"_links":{"self":[{"href":"https:\/\/eldiariodesanpedro.com.ar\/sitio\/wp-json\/wp\/v2\/posts\/88923","targetHints":{"allow":["GET"]}}],"collection":[{"href":"https:\/\/eldiariodesanpedro.com.ar\/sitio\/wp-json\/wp\/v2\/posts"}],"about":[{"href":"https:\/\/eldiariodesanpedro.com.ar\/sitio\/wp-json\/wp\/v2\/types\/post"}],"author":[{"embeddable":true,"href":"https:\/\/eldiariodesanpedro.com.ar\/sitio\/wp-json\/wp\/v2\/users\/4"}],"replies":[{"embeddable":true,"href":"https:\/\/eldiariodesanpedro.com.ar\/sitio\/wp-json\/wp\/v2\/comments?post=88923"}],"version-history":[{"count":1,"href":"https:\/\/eldiariodesanpedro.com.ar\/sitio\/wp-json\/wp\/v2\/posts\/88923\/revisions"}],"predecessor-version":[{"id":88924,"href":"https:\/\/eldiariodesanpedro.com.ar\/sitio\/wp-json\/wp\/v2\/posts\/88923\/revisions\/88924"}],"wp:featuredmedia":[{"embeddable":true,"href":"https:\/\/eldiariodesanpedro.com.ar\/sitio\/wp-json\/wp\/v2\/media\/80744"}],"wp:attachment":[{"href":"https:\/\/eldiariodesanpedro.com.ar\/sitio\/wp-json\/wp\/v2\/media?parent=88923"}],"wp:term":[{"taxonomy":"category","embeddable":true,"href":"https:\/\/eldiariodesanpedro.com.ar\/sitio\/wp-json\/wp\/v2\/categories?post=88923"},{"taxonomy":"post_tag","embeddable":true,"href":"https:\/\/eldiariodesanpedro.com.ar\/sitio\/wp-json\/wp\/v2\/tags?post=88923"}],"curies":[{"name":"wp","href":"https:\/\/api.w.org\/{rel}","templated":true}]}}