{"id":88920,"date":"2021-03-10T11:08:38","date_gmt":"2021-03-10T14:08:38","guid":{"rendered":"https:\/\/eldiariodesanpedro.com.ar\/sitio\/?p=88920"},"modified":"2021-03-10T11:08:42","modified_gmt":"2021-03-10T14:08:42","slug":"un-joven-atacado-por-otro-con-un-cuchillo","status":"publish","type":"post","link":"https:\/\/eldiariodesanpedro.com.ar\/sitio\/un-joven-atacado-por-otro-con-un-cuchillo\/","title":{"rendered":"Un joven atacado por otro con un cuchillo"},"content":{"rendered":"<!-- VideographyWP Plugin Message: Automatic video embedding prevented by plugin options. -->\n\n<p>Este martes en la comisar\u00eda de nuestra ciudad se recibi\u00f3 la denuncia por parte de un joven de 35 a\u00f1os, quien declar\u00f3 que alrededor de las 21:00 hs, se hace presente en Urraco al 3000, mantiene discusi\u00f3n con sujeto que reconoce quien lo lesion\u00f3 con arma blanca sufriendo lesiones leves.<\/p>\n","protected":false},"excerpt":{"rendered":"<p>Este martes en la comisar\u00eda de nuestra ciudad se recibi\u00f3 la denuncia por parte de un joven de 35 a\u00f1os, quien declar\u00f3 que alrededor de las 21:00 hs, se hace presente en Urraco al 3000, mantiene discusi\u00f3n con sujeto que reconoce quien lo lesion\u00f3 con arma blanca sufriendo lesiones leves.<\/p>\n","protected":false},"author":4,"featured_media":78843,"comment_status":"open","ping_status":"closed","sticky":false,"template":"","format":"standard","meta":{"om_disable_all_campaigns":false,"_jetpack_memberships_contains_paid_content":false,"footnotes":""},"categories":[2,103],"tags":[],"class_list":["post-88920","post","type-post","status-publish","format-standard","has-post-thumbnail","hentry","category-locales","category-policiales-locales"],"aioseo_notices":[],"gutentor_comment":0,"jetpack_featured_media_url":"https:\/\/eldiariodesanpedro.com.ar\/sitio\/wp-content\/uploads\/2020\/08\/0.jpg","jetpack_shortlink":"https:\/\/wp.me\/p6RhLt-n8c","jetpack_sharing_enabled":true,"_links":{"self":[{"href":"https:\/\/eldiariodesanpedro.com.ar\/sitio\/wp-json\/wp\/v2\/posts\/88920","targetHints":{"allow":["GET"]}}],"collection":[{"href":"https:\/\/eldiariodesanpedro.com.ar\/sitio\/wp-json\/wp\/v2\/posts"}],"about":[{"href":"https:\/\/eldiariodesanpedro.com.ar\/sitio\/wp-json\/wp\/v2\/types\/post"}],"author":[{"embeddable":true,"href":"https:\/\/eldiariodesanpedro.com.ar\/sitio\/wp-json\/wp\/v2\/users\/4"}],"replies":[{"embeddable":true,"href":"https:\/\/eldiariodesanpedro.com.ar\/sitio\/wp-json\/wp\/v2\/comments?post=88920"}],"version-history":[{"count":1,"href":"https:\/\/eldiariodesanpedro.com.ar\/sitio\/wp-json\/wp\/v2\/posts\/88920\/revisions"}],"predecessor-version":[{"id":88921,"href":"https:\/\/eldiariodesanpedro.com.ar\/sitio\/wp-json\/wp\/v2\/posts\/88920\/revisions\/88921"}],"wp:featuredmedia":[{"embeddable":true,"href":"https:\/\/eldiariodesanpedro.com.ar\/sitio\/wp-json\/wp\/v2\/media\/78843"}],"wp:attachment":[{"href":"https:\/\/eldiariodesanpedro.com.ar\/sitio\/wp-json\/wp\/v2\/media?parent=88920"}],"wp:term":[{"taxonomy":"category","embeddable":true,"href":"https:\/\/eldiariodesanpedro.com.ar\/sitio\/wp-json\/wp\/v2\/categories?post=88920"},{"taxonomy":"post_tag","embeddable":true,"href":"https:\/\/eldiariodesanpedro.com.ar\/sitio\/wp-json\/wp\/v2\/tags?post=88920"}],"curies":[{"name":"wp","href":"https:\/\/api.w.org\/{rel}","templated":true}]}}