{"id":88909,"date":"2021-03-10T10:52:36","date_gmt":"2021-03-10T13:52:36","guid":{"rendered":"https:\/\/eldiariodesanpedro.com.ar\/sitio\/?p=88909"},"modified":"2021-03-10T10:52:39","modified_gmt":"2021-03-10T13:52:39","slug":"dos-armas-blancas-secuestradas-en-via-publica","status":"publish","type":"post","link":"https:\/\/eldiariodesanpedro.com.ar\/sitio\/dos-armas-blancas-secuestradas-en-via-publica\/","title":{"rendered":"Dos armas blancas secuestradas en v\u00eda p\u00fablica"},"content":{"rendered":"<!-- VideographyWP Plugin Message: Automatic video embedding prevented by plugin options. -->\n\n<p>Este martes en calle 25 de Mayo y General Pueyrred\u00f3n, la polic\u00eda aprehendi\u00f3&nbsp; a un ciudadano de 39 a\u00f1os, a quien se le secuestr\u00f3 arma blanca tipo cuchillo.<\/p>\n\n\n\n<p>Otro procedimiento similar al anterior ocurri\u00f3 en Av. 3 de Febrero y Crucero General Belgrano, donde se aprehende a masculino 30 a\u00f1os, a quien se le secuestr\u00f3 arma blanca tipo cuchillo.&nbsp;&nbsp;<\/p>\n\n\n\n<p>En ambos casos se labraron actuaciones por infracci\u00f3n al c\u00f3digo de faltas con intervenci\u00f3n del Juzgado de Paz local.<\/p>\n\n\n\n<figure class=\"wp-block-image size-large\"><img decoding=\"async\" width=\"1024\" height=\"768\" data-attachment-id=\"88910\" data-permalink=\"https:\/\/eldiariodesanpedro.com.ar\/sitio\/dos-armas-blancas-secuestradas-en-via-publica\/whatsapp-image-2021-03-10-at-10-37-27\/\" data-orig-file=\"https:\/\/eldiariodesanpedro.com.ar\/sitio\/wp-content\/uploads\/2021\/03\/WhatsApp-Image-2021-03-10-at-10.37.27.jpeg\" data-orig-size=\"1024,768\" data-comments-opened=\"1\" data-image-meta=\"{&quot;aperture&quot;:&quot;0&quot;,&quot;credit&quot;:&quot;&quot;,&quot;camera&quot;:&quot;&quot;,&quot;caption&quot;:&quot;&quot;,&quot;created_timestamp&quot;:&quot;0&quot;,&quot;copyright&quot;:&quot;&quot;,&quot;focal_length&quot;:&quot;0&quot;,&quot;iso&quot;:&quot;0&quot;,&quot;shutter_speed&quot;:&quot;0&quot;,&quot;title&quot;:&quot;&quot;,&quot;orientation&quot;:&quot;0&quot;}\" data-image-title=\"WhatsApp Image 2021-03-10 at 10.37.27\" data-image-description=\"\" data-image-caption=\"\" data-large-file=\"https:\/\/eldiariodesanpedro.com.ar\/sitio\/wp-content\/uploads\/2021\/03\/WhatsApp-Image-2021-03-10-at-10.37.27.jpeg\" data-src=\"https:\/\/eldiariodesanpedro.com.ar\/sitio\/wp-content\/uploads\/2021\/03\/WhatsApp-Image-2021-03-10-at-10.37.27.jpeg\" alt=\"\" class=\"wp-image-88910 lazyload\" data-srcset=\"https:\/\/eldiariodesanpedro.com.ar\/sitio\/wp-content\/uploads\/2021\/03\/WhatsApp-Image-2021-03-10-at-10.37.27.jpeg 1024w, https:\/\/eldiariodesanpedro.com.ar\/sitio\/wp-content\/uploads\/2021\/03\/WhatsApp-Image-2021-03-10-at-10.37.27-300x225.jpeg 300w, https:\/\/eldiariodesanpedro.com.ar\/sitio\/wp-content\/uploads\/2021\/03\/WhatsApp-Image-2021-03-10-at-10.37.27-768x576.jpeg 768w, https:\/\/eldiariodesanpedro.com.ar\/sitio\/wp-content\/uploads\/2021\/03\/WhatsApp-Image-2021-03-10-at-10.37.27-500x375.jpeg 500w\" data-sizes=\"(max-width: 1024px) 100vw, 1024px\" src=\"data:image\/svg+xml;base64,PHN2ZyB3aWR0aD0iMSIgaGVpZ2h0PSIxIiB4bWxucz0iaHR0cDovL3d3dy53My5vcmcvMjAwMC9zdmciPjwvc3ZnPg==\" style=\"--smush-placeholder-width: 1024px; --smush-placeholder-aspect-ratio: 1024\/768;\" \/><\/figure>\n","protected":false},"excerpt":{"rendered":"<p>Este martes en calle 25 de Mayo y General Pueyrred\u00f3n, la polic\u00eda aprehendi\u00f3&nbsp; a un ciudadano de 39 a\u00f1os, a quien se le secuestr\u00f3 arma blanca tipo cuchillo. Otro procedimiento similar al anterior ocurri\u00f3 en Av. 3 de Febrero y Crucero General Belgrano, donde se aprehende a masculino 30 a\u00f1os, a quien se le secuestr\u00f3 [&hellip;]<\/p>\n","protected":false},"author":4,"featured_media":88911,"comment_status":"open","ping_status":"closed","sticky":false,"template":"","format":"standard","meta":{"om_disable_all_campaigns":false,"_jetpack_memberships_contains_paid_content":false,"footnotes":""},"categories":[2,103],"tags":[],"class_list":["post-88909","post","type-post","status-publish","format-standard","has-post-thumbnail","hentry","category-locales","category-policiales-locales"],"aioseo_notices":[],"gutentor_comment":0,"jetpack_featured_media_url":"https:\/\/eldiariodesanpedro.com.ar\/sitio\/wp-content\/uploads\/2021\/03\/WhatsApp-Image-2021-03-10-at-10.37.28.jpeg","jetpack_shortlink":"https:\/\/wp.me\/p6RhLt-n81","jetpack_sharing_enabled":true,"_links":{"self":[{"href":"https:\/\/eldiariodesanpedro.com.ar\/sitio\/wp-json\/wp\/v2\/posts\/88909","targetHints":{"allow":["GET"]}}],"collection":[{"href":"https:\/\/eldiariodesanpedro.com.ar\/sitio\/wp-json\/wp\/v2\/posts"}],"about":[{"href":"https:\/\/eldiariodesanpedro.com.ar\/sitio\/wp-json\/wp\/v2\/types\/post"}],"author":[{"embeddable":true,"href":"https:\/\/eldiariodesanpedro.com.ar\/sitio\/wp-json\/wp\/v2\/users\/4"}],"replies":[{"embeddable":true,"href":"https:\/\/eldiariodesanpedro.com.ar\/sitio\/wp-json\/wp\/v2\/comments?post=88909"}],"version-history":[{"count":1,"href":"https:\/\/eldiariodesanpedro.com.ar\/sitio\/wp-json\/wp\/v2\/posts\/88909\/revisions"}],"predecessor-version":[{"id":88912,"href":"https:\/\/eldiariodesanpedro.com.ar\/sitio\/wp-json\/wp\/v2\/posts\/88909\/revisions\/88912"}],"wp:featuredmedia":[{"embeddable":true,"href":"https:\/\/eldiariodesanpedro.com.ar\/sitio\/wp-json\/wp\/v2\/media\/88911"}],"wp:attachment":[{"href":"https:\/\/eldiariodesanpedro.com.ar\/sitio\/wp-json\/wp\/v2\/media?parent=88909"}],"wp:term":[{"taxonomy":"category","embeddable":true,"href":"https:\/\/eldiariodesanpedro.com.ar\/sitio\/wp-json\/wp\/v2\/categories?post=88909"},{"taxonomy":"post_tag","embeddable":true,"href":"https:\/\/eldiariodesanpedro.com.ar\/sitio\/wp-json\/wp\/v2\/tags?post=88909"}],"curies":[{"name":"wp","href":"https:\/\/api.w.org\/{rel}","templated":true}]}}