{"id":88907,"date":"2021-03-10T10:45:16","date_gmt":"2021-03-10T13:45:16","guid":{"rendered":"https:\/\/eldiariodesanpedro.com.ar\/sitio\/?p=88907"},"modified":"2021-03-10T10:45:20","modified_gmt":"2021-03-10T13:45:20","slug":"denuncia-por-faltante-de-dinero-en-cuenta-corriente","status":"publish","type":"post","link":"https:\/\/eldiariodesanpedro.com.ar\/sitio\/denuncia-por-faltante-de-dinero-en-cuenta-corriente\/","title":{"rendered":"Denuncia por faltante de dinero en cuenta corriente"},"content":{"rendered":"<!-- VideographyWP Plugin Message: Automatic video embedding prevented by plugin options. -->\n\n<p>Este martes se realiz\u00f3 una denuncia en la comisar\u00eda local por parte de un ciudadano de 66 a\u00f1os, que el d\u00eda 04 de marzo al intentar extraer dinero de un cajero autom\u00e1tico del Banco local, advierte faltante de dinero que se encontraba depositado en su cuenta.<\/p>\n","protected":false},"excerpt":{"rendered":"<p>Este martes se realiz\u00f3 una denuncia en la comisar\u00eda local por parte de un ciudadano de 66 a\u00f1os, que el d\u00eda 04 de marzo al intentar extraer dinero de un cajero autom\u00e1tico del Banco local, advierte faltante de dinero que se encontraba depositado en su cuenta.<\/p>\n","protected":false},"author":4,"featured_media":45394,"comment_status":"open","ping_status":"closed","sticky":false,"template":"","format":"standard","meta":{"om_disable_all_campaigns":false,"_jetpack_memberships_contains_paid_content":false,"footnotes":""},"categories":[2,103],"tags":[],"class_list":["post-88907","post","type-post","status-publish","format-standard","has-post-thumbnail","hentry","category-locales","category-policiales-locales"],"aioseo_notices":[],"gutentor_comment":0,"jetpack_featured_media_url":"https:\/\/eldiariodesanpedro.com.ar\/sitio\/wp-content\/uploads\/2019\/01\/comisaria.jpg","jetpack_shortlink":"https:\/\/wp.me\/p6RhLt-n7Z","jetpack_sharing_enabled":true,"_links":{"self":[{"href":"https:\/\/eldiariodesanpedro.com.ar\/sitio\/wp-json\/wp\/v2\/posts\/88907","targetHints":{"allow":["GET"]}}],"collection":[{"href":"https:\/\/eldiariodesanpedro.com.ar\/sitio\/wp-json\/wp\/v2\/posts"}],"about":[{"href":"https:\/\/eldiariodesanpedro.com.ar\/sitio\/wp-json\/wp\/v2\/types\/post"}],"author":[{"embeddable":true,"href":"https:\/\/eldiariodesanpedro.com.ar\/sitio\/wp-json\/wp\/v2\/users\/4"}],"replies":[{"embeddable":true,"href":"https:\/\/eldiariodesanpedro.com.ar\/sitio\/wp-json\/wp\/v2\/comments?post=88907"}],"version-history":[{"count":1,"href":"https:\/\/eldiariodesanpedro.com.ar\/sitio\/wp-json\/wp\/v2\/posts\/88907\/revisions"}],"predecessor-version":[{"id":88908,"href":"https:\/\/eldiariodesanpedro.com.ar\/sitio\/wp-json\/wp\/v2\/posts\/88907\/revisions\/88908"}],"wp:featuredmedia":[{"embeddable":true,"href":"https:\/\/eldiariodesanpedro.com.ar\/sitio\/wp-json\/wp\/v2\/media\/45394"}],"wp:attachment":[{"href":"https:\/\/eldiariodesanpedro.com.ar\/sitio\/wp-json\/wp\/v2\/media?parent=88907"}],"wp:term":[{"taxonomy":"category","embeddable":true,"href":"https:\/\/eldiariodesanpedro.com.ar\/sitio\/wp-json\/wp\/v2\/categories?post=88907"},{"taxonomy":"post_tag","embeddable":true,"href":"https:\/\/eldiariodesanpedro.com.ar\/sitio\/wp-json\/wp\/v2\/tags?post=88907"}],"curies":[{"name":"wp","href":"https:\/\/api.w.org\/{rel}","templated":true}]}}