{"id":88904,"date":"2021-03-10T10:42:06","date_gmt":"2021-03-10T13:42:06","guid":{"rendered":"https:\/\/eldiariodesanpedro.com.ar\/sitio\/?p=88904"},"modified":"2021-03-10T10:42:18","modified_gmt":"2021-03-10T13:42:18","slug":"dos-jovenes-aprehendido-por-tentativa-de-robo","status":"publish","type":"post","link":"https:\/\/eldiariodesanpedro.com.ar\/sitio\/dos-jovenes-aprehendido-por-tentativa-de-robo\/","title":{"rendered":"Dos j\u00f3venes aprehendido por tentativa de robo"},"content":{"rendered":"<!-- VideographyWP Plugin Message: Automatic video embedding prevented by plugin options. -->\n\n<p>Anoche el personal policial en recorrida fue alertado por una mujer mayor de edad, en D\u00e1vila e Ituzaing\u00f3, quien desesperada dio cuenta de un intento de robo de sus pertenencias por dos delincuentes j\u00f3venes, que sin lograr cometer el hecho se dieron a la fuga.&nbsp;<\/p>\n\n\n\n<p>Tras un amplio operativo cerrojo se aprehendi\u00f3 a los autores, resultando dos masculinos de 18 y 16 a\u00f1os.&nbsp;<\/p>\n\n\n\n<p>La mujer no fue identificada en el momento debido a la rapidez del proceder, pero tampoco se acerc\u00f3 a sede policial a radicar la denuncia.&nbsp;<\/p>\n\n\n\n<p>La justicia juvenil intervino en el hecho, los aprehendidos permanecieron en sede policial por tiempo prudencial, pero al paso de las horas recuperaron la libertad. Prosigue la justicia juvenil de San Nicol\u00e1s.<\/p>\n","protected":false},"excerpt":{"rendered":"<p>Anoche el personal policial en recorrida fue alertado por una mujer mayor de edad, en D\u00e1vila e Ituzaing\u00f3, quien desesperada dio cuenta de un intento de robo de sus pertenencias por dos delincuentes j\u00f3venes, que sin lograr cometer el hecho se dieron a la fuga.&nbsp; Tras un amplio operativo cerrojo se aprehendi\u00f3 a los autores, [&hellip;]<\/p>\n","protected":false},"author":4,"featured_media":88905,"comment_status":"open","ping_status":"closed","sticky":false,"template":"","format":"standard","meta":{"om_disable_all_campaigns":false,"_jetpack_memberships_contains_paid_content":false,"footnotes":""},"categories":[2,103],"tags":[],"class_list":["post-88904","post","type-post","status-publish","format-standard","has-post-thumbnail","hentry","category-locales","category-policiales-locales"],"aioseo_notices":[],"gutentor_comment":0,"jetpack_featured_media_url":"https:\/\/eldiariodesanpedro.com.ar\/sitio\/wp-content\/uploads\/2021\/03\/WhatsApp-Image-2021-03-10-at-10.36.29.jpeg","jetpack_shortlink":"https:\/\/wp.me\/p6RhLt-n7W","jetpack_sharing_enabled":true,"_links":{"self":[{"href":"https:\/\/eldiariodesanpedro.com.ar\/sitio\/wp-json\/wp\/v2\/posts\/88904","targetHints":{"allow":["GET"]}}],"collection":[{"href":"https:\/\/eldiariodesanpedro.com.ar\/sitio\/wp-json\/wp\/v2\/posts"}],"about":[{"href":"https:\/\/eldiariodesanpedro.com.ar\/sitio\/wp-json\/wp\/v2\/types\/post"}],"author":[{"embeddable":true,"href":"https:\/\/eldiariodesanpedro.com.ar\/sitio\/wp-json\/wp\/v2\/users\/4"}],"replies":[{"embeddable":true,"href":"https:\/\/eldiariodesanpedro.com.ar\/sitio\/wp-json\/wp\/v2\/comments?post=88904"}],"version-history":[{"count":1,"href":"https:\/\/eldiariodesanpedro.com.ar\/sitio\/wp-json\/wp\/v2\/posts\/88904\/revisions"}],"predecessor-version":[{"id":88906,"href":"https:\/\/eldiariodesanpedro.com.ar\/sitio\/wp-json\/wp\/v2\/posts\/88904\/revisions\/88906"}],"wp:featuredmedia":[{"embeddable":true,"href":"https:\/\/eldiariodesanpedro.com.ar\/sitio\/wp-json\/wp\/v2\/media\/88905"}],"wp:attachment":[{"href":"https:\/\/eldiariodesanpedro.com.ar\/sitio\/wp-json\/wp\/v2\/media?parent=88904"}],"wp:term":[{"taxonomy":"category","embeddable":true,"href":"https:\/\/eldiariodesanpedro.com.ar\/sitio\/wp-json\/wp\/v2\/categories?post=88904"},{"taxonomy":"post_tag","embeddable":true,"href":"https:\/\/eldiariodesanpedro.com.ar\/sitio\/wp-json\/wp\/v2\/tags?post=88904"}],"curies":[{"name":"wp","href":"https:\/\/api.w.org\/{rel}","templated":true}]}}