{"id":88899,"date":"2021-03-09T20:23:28","date_gmt":"2021-03-09T23:23:28","guid":{"rendered":"https:\/\/eldiariodesanpedro.com.ar\/sitio\/?p=88899"},"modified":"2021-03-09T20:23:31","modified_gmt":"2021-03-09T23:23:31","slug":"debido-a-la-fiesta-clandestina-ocurrida-en-la-playa-de-obligado-se-realiza-un-pedido-de-informe-en-el-hcd","status":"publish","type":"post","link":"https:\/\/eldiariodesanpedro.com.ar\/sitio\/debido-a-la-fiesta-clandestina-ocurrida-en-la-playa-de-obligado-se-realiza-un-pedido-de-informe-en-el-hcd\/","title":{"rendered":"Debido a la fiesta clandestina ocurrida en la playa de Obligado se realiza un pedido de informe en el HCD"},"content":{"rendered":"<!-- VideographyWP Plugin Message: Automatic video embedding prevented by plugin options. -->\n\n<p>Este domingo por la noche en la playa de Vuelta de Obligado la polic\u00eda del destacamento local en conjunto con inspecci\u00f3n realizaron la clausura de un comercio que se encuentra sobre el sector de playa que no contaba con la correspondiente habilitaci\u00f3n.<\/p>\n\n\n\n<p>Debido a este problema el espacio de Frente para Todos con Martin Baraybar a la cabeza presento un pedido de informe de la situaciones de los carribares y puestos de comida que se encuntran emplazados en el Paseo Agenor Almada, la nueva playa de Vuelta de Obligado y el Camping Tiro Federal.<\/p>\n\n\n\n<p>Lo que se solicita es de que manera estos lugares se encuentran habilitado sin siquiera haber pasado por la autorizaci\u00f3n por parte del HCD y por lo que no se realizo ning\u00fan tipo de licitaci\u00f3n publica para esos lugares.<\/p>\n\n\n\n<p><em>\u00abEl d\u00eda 5 de Diciembre 2020 se inaugur\u00f3 la Playa P\u00fablica de Vuelta de Obligado y de ah\u00ed hasta la fecha no existi\u00f3 ning\u00fan llamado a licitaci\u00f3n para la explotaci\u00f3n de los espacios all\u00ed existentes. Es de p\u00fablico conocimiento que durante este \u00faltimo fin de semana se produjo la clausura en el espacio donde funciona el resto bar de la playa p\u00fablica de Vuelta de Obligado, por una fiesta clandestina con gran n\u00famero de presentes\u00bb resalta la iniciativa en sus considerandos. El proyecto recuerda que \u00abpor este HCD no pas\u00f3 el tratamiento de la concesi\u00f3n de ese espacio p\u00fablico\u00bb.\u00a0<\/em><\/p>\n","protected":false},"excerpt":{"rendered":"<p>Este domingo por la noche en la playa de Vuelta de Obligado la polic\u00eda del destacamento local en conjunto con inspecci\u00f3n realizaron la clausura de un comercio que se encuentra sobre el sector de playa que no contaba con la correspondiente habilitaci\u00f3n. Debido a este problema el espacio de Frente para Todos con Martin Baraybar [&hellip;]<\/p>\n","protected":false},"author":4,"featured_media":88900,"comment_status":"open","ping_status":"closed","sticky":false,"template":"","format":"standard","meta":{"om_disable_all_campaigns":false,"_jetpack_memberships_contains_paid_content":false,"footnotes":""},"categories":[50,101,2],"tags":[],"class_list":["post-88899","post","type-post","status-publish","format-standard","has-post-thumbnail","hentry","category-destacadas","category-interes-general-locales","category-locales"],"aioseo_notices":[],"gutentor_comment":0,"jetpack_featured_media_url":"https:\/\/eldiariodesanpedro.com.ar\/sitio\/wp-content\/uploads\/2021\/03\/WhatsApp-Image-2021-03-08-at-10.44.49-3.jpeg","jetpack_shortlink":"https:\/\/wp.me\/p6RhLt-n7R","jetpack_sharing_enabled":true,"_links":{"self":[{"href":"https:\/\/eldiariodesanpedro.com.ar\/sitio\/wp-json\/wp\/v2\/posts\/88899","targetHints":{"allow":["GET"]}}],"collection":[{"href":"https:\/\/eldiariodesanpedro.com.ar\/sitio\/wp-json\/wp\/v2\/posts"}],"about":[{"href":"https:\/\/eldiariodesanpedro.com.ar\/sitio\/wp-json\/wp\/v2\/types\/post"}],"author":[{"embeddable":true,"href":"https:\/\/eldiariodesanpedro.com.ar\/sitio\/wp-json\/wp\/v2\/users\/4"}],"replies":[{"embeddable":true,"href":"https:\/\/eldiariodesanpedro.com.ar\/sitio\/wp-json\/wp\/v2\/comments?post=88899"}],"version-history":[{"count":1,"href":"https:\/\/eldiariodesanpedro.com.ar\/sitio\/wp-json\/wp\/v2\/posts\/88899\/revisions"}],"predecessor-version":[{"id":88901,"href":"https:\/\/eldiariodesanpedro.com.ar\/sitio\/wp-json\/wp\/v2\/posts\/88899\/revisions\/88901"}],"wp:featuredmedia":[{"embeddable":true,"href":"https:\/\/eldiariodesanpedro.com.ar\/sitio\/wp-json\/wp\/v2\/media\/88900"}],"wp:attachment":[{"href":"https:\/\/eldiariodesanpedro.com.ar\/sitio\/wp-json\/wp\/v2\/media?parent=88899"}],"wp:term":[{"taxonomy":"category","embeddable":true,"href":"https:\/\/eldiariodesanpedro.com.ar\/sitio\/wp-json\/wp\/v2\/categories?post=88899"},{"taxonomy":"post_tag","embeddable":true,"href":"https:\/\/eldiariodesanpedro.com.ar\/sitio\/wp-json\/wp\/v2\/tags?post=88899"}],"curies":[{"name":"wp","href":"https:\/\/api.w.org\/{rel}","templated":true}]}}