{"id":88894,"date":"2021-03-09T19:50:00","date_gmt":"2021-03-09T22:50:00","guid":{"rendered":"https:\/\/eldiariodesanpedro.com.ar\/sitio\/?p=88894"},"modified":"2021-03-09T20:06:53","modified_gmt":"2021-03-09T23:06:53","slug":"el-sampedrino-involucrado-en-el-accidente-donde-perdieron-la-vida-tres-personas-fue-liberado","status":"publish","type":"post","link":"https:\/\/eldiariodesanpedro.com.ar\/sitio\/el-sampedrino-involucrado-en-el-accidente-donde-perdieron-la-vida-tres-personas-fue-liberado\/","title":{"rendered":"El Sampedrino involucrado en el accidente donde perdieron la vida tres personas fue liberado"},"content":{"rendered":"<!-- VideographyWP Plugin Message: Automatic video embedding prevented by plugin options. -->\n\n<p>Este martes Cesar Perez oriundo de nuestra ciudad recupero la libertad tras estar en calidad de aprehendido en la comisaria de la ciudad de Lima quedando imputado como triple homicidio culposo.<\/p>\n\n\n\n<p>Recordemos que el hecho sucedi\u00f3 en las primeras horas de la ma\u00f1ana del lunes cuando el sampedrino P\u00e9rez de 37 a\u00f1os de edad se dirig\u00eda a nuestra ciudad en su autom\u00f3vil un Volkswagen Voyage cuando en el km 105 de Ruta Nacional 9 por motivos que se tratan de establecer impacta desde atr\u00e1s a una camioneta Citro\u00ebn Berlingo en el que viajaban tres personas mayores de edad y una beba que por el fuerte golpe se cruza al carril contrario impactando con un Micro \u00d3mnibus.  <\/p>\n\n\n\n<p>Como resultado del impacto murieron los tres mayores de edad de nacionalidad venezolanos identificados como Ra\u00fal Eduardo Toro, Mileidys Mariana Chac\u00f3n S\u00e1nchez y su madre Cecilia S\u00e1nchez de Chac\u00f3n, afortunadamente el beb\u00e9 de 10 meses logro sobrevivir y se encuentra estable en el nosocomio de la ciudad de Z\u00e1rate.<\/p>\n\n\n\n<p>La fiscal\u00eda local investiga el hecho y trata de establecer cual fue la mec\u00e1nica del accidente pero no vio necesario mantener detenido al ciudadano de nuestra ciudad.<\/p>\n\n\n\n<p>A trav\u00e9s de la redes sociales se trato de dar con el paradero de alg\u00fan familiar de las victimas, pero solo lograron encontrar a una persona amiga de los fallecidos, quien declaro que ellos no tienen parientes en argentina y que sus familiares mas cercanos se encontrar\u00edan en chile o Estados Unidos.<\/p>\n\n\n\n<p>Adem\u00e1s gracias al aporte de esta persona se pudo determinar que los ocupantes de la Berlingo se dirig\u00edan de vacaciones a la provincia de C\u00f3rdoba.<\/p>\n\n\n\n<p>En las ultimas horas se conoci\u00f3 a trav\u00e9s de una pagina de informaci\u00f3n de Venezuela el <a href=\"https:\/\/eldiariodesanpedro.com.ar\/sitio\/sujeto-se-hace-pasar-por-familiar-de-los-venezolanos-que-murieron-en-accidente-donde-esta-imputado-un-sampedrino-para-cobrar-un-dinero\/\">intento de estafa por parte de una persona que se hizo pasar por familiar de los fallecidos<\/a><\/p>\n\n\n\n<figure class=\"wp-block-image size-large\"><img decoding=\"async\" width=\"1024\" height=\"576\" data-attachment-id=\"88807\" data-permalink=\"https:\/\/eldiariodesanpedro.com.ar\/sitio\/zarate-micro-embistio-un-auto-de-frente-en-la-ruta-9-km-105-altura-de-lima-hay-al-menos-3-muertos-y-heridos\/ev9gslpxiaidiwc\/\" data-orig-file=\"https:\/\/eldiariodesanpedro.com.ar\/sitio\/wp-content\/uploads\/2021\/03\/Ev9GSlpXIAIDiWC.jpg\" data-orig-size=\"1024,576\" data-comments-opened=\"1\" data-image-meta=\"{&quot;aperture&quot;:&quot;0&quot;,&quot;credit&quot;:&quot;&quot;,&quot;camera&quot;:&quot;&quot;,&quot;caption&quot;:&quot;&quot;,&quot;created_timestamp&quot;:&quot;0&quot;,&quot;copyright&quot;:&quot;&quot;,&quot;focal_length&quot;:&quot;0&quot;,&quot;iso&quot;:&quot;0&quot;,&quot;shutter_speed&quot;:&quot;0&quot;,&quot;title&quot;:&quot;&quot;,&quot;orientation&quot;:&quot;0&quot;}\" data-image-title=\"Ev9GSlpXIAIDiWC\" data-image-description=\"\" data-image-caption=\"\" data-large-file=\"https:\/\/eldiariodesanpedro.com.ar\/sitio\/wp-content\/uploads\/2021\/03\/Ev9GSlpXIAIDiWC.jpg\" data-src=\"https:\/\/eldiariodesanpedro.com.ar\/sitio\/wp-content\/uploads\/2021\/03\/Ev9GSlpXIAIDiWC.jpg\" alt=\"\" class=\"wp-image-88807 lazyload\" data-srcset=\"https:\/\/eldiariodesanpedro.com.ar\/sitio\/wp-content\/uploads\/2021\/03\/Ev9GSlpXIAIDiWC.jpg 1024w, https:\/\/eldiariodesanpedro.com.ar\/sitio\/wp-content\/uploads\/2021\/03\/Ev9GSlpXIAIDiWC-300x169.jpg 300w, https:\/\/eldiariodesanpedro.com.ar\/sitio\/wp-content\/uploads\/2021\/03\/Ev9GSlpXIAIDiWC-768x432.jpg 768w, https:\/\/eldiariodesanpedro.com.ar\/sitio\/wp-content\/uploads\/2021\/03\/Ev9GSlpXIAIDiWC-800x450.jpg 800w\" data-sizes=\"(max-width: 1024px) 100vw, 1024px\" src=\"data:image\/svg+xml;base64,PHN2ZyB3aWR0aD0iMSIgaGVpZ2h0PSIxIiB4bWxucz0iaHR0cDovL3d3dy53My5vcmcvMjAwMC9zdmciPjwvc3ZnPg==\" style=\"--smush-placeholder-width: 1024px; --smush-placeholder-aspect-ratio: 1024\/576;\" \/><\/figure>\n","protected":false},"excerpt":{"rendered":"<p>Este martes Cesar Perez oriundo de nuestra ciudad recupero la libertad tras estar en calidad de aprehendido en la comisaria de la ciudad de Lima quedando imputado como triple homicidio culposo. Recordemos que el hecho sucedi\u00f3 en las primeras horas de la ma\u00f1ana del lunes cuando el sampedrino P\u00e9rez de 37 a\u00f1os de edad se [&hellip;]<\/p>\n","protected":false},"author":4,"featured_media":88805,"comment_status":"open","ping_status":"closed","sticky":false,"template":"","format":"standard","meta":{"om_disable_all_campaigns":false,"_jetpack_memberships_contains_paid_content":false,"footnotes":""},"categories":[50,2,103],"tags":[],"class_list":["post-88894","post","type-post","status-publish","format-standard","has-post-thumbnail","hentry","category-destacadas","category-locales","category-policiales-locales"],"aioseo_notices":[],"gutentor_comment":0,"jetpack_featured_media_url":"https:\/\/eldiariodesanpedro.com.ar\/sitio\/wp-content\/uploads\/2021\/03\/auto-sampedrino.jpg","jetpack_shortlink":"https:\/\/wp.me\/p6RhLt-n7M","jetpack_sharing_enabled":true,"_links":{"self":[{"href":"https:\/\/eldiariodesanpedro.com.ar\/sitio\/wp-json\/wp\/v2\/posts\/88894","targetHints":{"allow":["GET"]}}],"collection":[{"href":"https:\/\/eldiariodesanpedro.com.ar\/sitio\/wp-json\/wp\/v2\/posts"}],"about":[{"href":"https:\/\/eldiariodesanpedro.com.ar\/sitio\/wp-json\/wp\/v2\/types\/post"}],"author":[{"embeddable":true,"href":"https:\/\/eldiariodesanpedro.com.ar\/sitio\/wp-json\/wp\/v2\/users\/4"}],"replies":[{"embeddable":true,"href":"https:\/\/eldiariodesanpedro.com.ar\/sitio\/wp-json\/wp\/v2\/comments?post=88894"}],"version-history":[{"count":2,"href":"https:\/\/eldiariodesanpedro.com.ar\/sitio\/wp-json\/wp\/v2\/posts\/88894\/revisions"}],"predecessor-version":[{"id":88898,"href":"https:\/\/eldiariodesanpedro.com.ar\/sitio\/wp-json\/wp\/v2\/posts\/88894\/revisions\/88898"}],"wp:featuredmedia":[{"embeddable":true,"href":"https:\/\/eldiariodesanpedro.com.ar\/sitio\/wp-json\/wp\/v2\/media\/88805"}],"wp:attachment":[{"href":"https:\/\/eldiariodesanpedro.com.ar\/sitio\/wp-json\/wp\/v2\/media?parent=88894"}],"wp:term":[{"taxonomy":"category","embeddable":true,"href":"https:\/\/eldiariodesanpedro.com.ar\/sitio\/wp-json\/wp\/v2\/categories?post=88894"},{"taxonomy":"post_tag","embeddable":true,"href":"https:\/\/eldiariodesanpedro.com.ar\/sitio\/wp-json\/wp\/v2\/tags?post=88894"}],"curies":[{"name":"wp","href":"https:\/\/api.w.org\/{rel}","templated":true}]}}