{"id":88889,"date":"2021-03-09T18:52:27","date_gmt":"2021-03-09T21:52:27","guid":{"rendered":"https:\/\/eldiariodesanpedro.com.ar\/sitio\/?p=88889"},"modified":"2021-03-09T18:52:28","modified_gmt":"2021-03-09T21:52:28","slug":"arrecifes-herido-de-arma-blanca-en-el-balneario","status":"publish","type":"post","link":"https:\/\/eldiariodesanpedro.com.ar\/sitio\/arrecifes-herido-de-arma-blanca-en-el-balneario\/","title":{"rendered":"ARRECIFES | Herido de arma blanca en el Balneario"},"content":{"rendered":"<!-- VideographyWP Plugin Message: Automatic video embedding prevented by plugin options. -->\n\n<p>Fue herido un joven que&nbsp;encontraba en el balneario municipal, donde fue agredido por un grupo de j\u00f3venes con un arma blanca, siendo trasladado a ra\u00edz de las lesiones sufridas al Hospital Municipal Santa Francisca Romana de la ciudad, donde se constat\u00f3 que las lesiones sufridas eran de car\u00e1cter leve.<\/p>\n\n\n\n<p>Se cumplimentan recaudos legales inici\u00e1ndose actuaciones bajo la intervenci\u00f3n de la U.F.I.\u00a0 N\u00b0 3 del Departamento Judicial de San Nicol\u00e1s.<\/p>\n\n\n\n<p>Fuente: <a href=\"https:\/\/arrecifesnoticias.com\/\">Arrecifes Noticias<\/a><\/p>\n","protected":false},"excerpt":{"rendered":"<p>Fue herido un joven que&nbsp;encontraba en el balneario municipal, donde fue agredido por un grupo de j\u00f3venes con un arma blanca, siendo trasladado a ra\u00edz de las lesiones sufridas al Hospital Municipal Santa Francisca Romana de la ciudad, donde se constat\u00f3 que las lesiones sufridas eran de car\u00e1cter leve. Se cumplimentan recaudos legales inici\u00e1ndose actuaciones [&hellip;]<\/p>\n","protected":false},"author":4,"featured_media":88890,"comment_status":"open","ping_status":"closed","sticky":false,"template":"","format":"standard","meta":{"om_disable_all_campaigns":false,"_jetpack_memberships_contains_paid_content":false,"footnotes":""},"categories":[621],"tags":[],"class_list":["post-88889","post","type-post","status-publish","format-standard","has-post-thumbnail","hentry","category-regionales"],"aioseo_notices":[],"gutentor_comment":0,"jetpack_featured_media_url":"https:\/\/eldiariodesanpedro.com.ar\/sitio\/wp-content\/uploads\/2021\/03\/balneario-arrecifes-4-696x510-1.jpg","jetpack_shortlink":"https:\/\/wp.me\/p6RhLt-n7H","jetpack_sharing_enabled":true,"_links":{"self":[{"href":"https:\/\/eldiariodesanpedro.com.ar\/sitio\/wp-json\/wp\/v2\/posts\/88889","targetHints":{"allow":["GET"]}}],"collection":[{"href":"https:\/\/eldiariodesanpedro.com.ar\/sitio\/wp-json\/wp\/v2\/posts"}],"about":[{"href":"https:\/\/eldiariodesanpedro.com.ar\/sitio\/wp-json\/wp\/v2\/types\/post"}],"author":[{"embeddable":true,"href":"https:\/\/eldiariodesanpedro.com.ar\/sitio\/wp-json\/wp\/v2\/users\/4"}],"replies":[{"embeddable":true,"href":"https:\/\/eldiariodesanpedro.com.ar\/sitio\/wp-json\/wp\/v2\/comments?post=88889"}],"version-history":[{"count":1,"href":"https:\/\/eldiariodesanpedro.com.ar\/sitio\/wp-json\/wp\/v2\/posts\/88889\/revisions"}],"predecessor-version":[{"id":88891,"href":"https:\/\/eldiariodesanpedro.com.ar\/sitio\/wp-json\/wp\/v2\/posts\/88889\/revisions\/88891"}],"wp:featuredmedia":[{"embeddable":true,"href":"https:\/\/eldiariodesanpedro.com.ar\/sitio\/wp-json\/wp\/v2\/media\/88890"}],"wp:attachment":[{"href":"https:\/\/eldiariodesanpedro.com.ar\/sitio\/wp-json\/wp\/v2\/media?parent=88889"}],"wp:term":[{"taxonomy":"category","embeddable":true,"href":"https:\/\/eldiariodesanpedro.com.ar\/sitio\/wp-json\/wp\/v2\/categories?post=88889"},{"taxonomy":"post_tag","embeddable":true,"href":"https:\/\/eldiariodesanpedro.com.ar\/sitio\/wp-json\/wp\/v2\/tags?post=88889"}],"curies":[{"name":"wp","href":"https:\/\/api.w.org\/{rel}","templated":true}]}}