{"id":88886,"date":"2021-03-09T18:49:53","date_gmt":"2021-03-09T21:49:53","guid":{"rendered":"https:\/\/eldiariodesanpedro.com.ar\/sitio\/?p=88886"},"modified":"2021-03-09T18:49:57","modified_gmt":"2021-03-09T21:49:57","slug":"campana-discutio-con-su-novia-y-la-atropello-con-su-auto","status":"publish","type":"post","link":"https:\/\/eldiariodesanpedro.com.ar\/sitio\/campana-discutio-con-su-novia-y-la-atropello-con-su-auto\/","title":{"rendered":"CAMPANA | Discuti\u00f3 con su novia y la atropell\u00f3 con su auto"},"content":{"rendered":"<!-- VideographyWP Plugin Message: Automatic video embedding prevented by plugin options. -->\n\n<p>curri\u00f3 en Lima, en calle 8 y 11. Una joven de 21 a\u00f1os sufri\u00f3 traumatismo en ambas piernas y un brazo tras haber sido atropellada por un vehiculo Fiat Palio negro, conducido por su novio, con quien hab\u00eda mantenido una discusi\u00f3n minutos antes.<\/p>\n\n\n\n<p>El sujeto de 22 a\u00f1os, fue demorado y recuper\u00f3 su libertad.<\/p>\n\n\n\n<p>Fuente: InfoZC<\/p>\n","protected":false},"excerpt":{"rendered":"<p>curri\u00f3 en Lima, en calle 8 y 11. Una joven de 21 a\u00f1os sufri\u00f3 traumatismo en ambas piernas y un brazo tras haber sido atropellada por un vehiculo Fiat Palio negro, conducido por su novio, con quien hab\u00eda mantenido una discusi\u00f3n minutos antes. El sujeto de 22 a\u00f1os, fue demorado y recuper\u00f3 su libertad. Fuente: [&hellip;]<\/p>\n","protected":false},"author":4,"featured_media":88887,"comment_status":"open","ping_status":"closed","sticky":false,"template":"","format":"standard","meta":{"om_disable_all_campaigns":false,"_jetpack_memberships_contains_paid_content":false,"footnotes":""},"categories":[621],"tags":[],"class_list":["post-88886","post","type-post","status-publish","format-standard","has-post-thumbnail","hentry","category-regionales"],"aioseo_notices":[],"gutentor_comment":0,"jetpack_featured_media_url":"https:\/\/eldiariodesanpedro.com.ar\/sitio\/wp-content\/uploads\/2021\/03\/0b658402-ee1c-4055-b58b-a32b60fd3a91.jpg","jetpack_shortlink":"https:\/\/wp.me\/p6RhLt-n7E","jetpack_sharing_enabled":true,"_links":{"self":[{"href":"https:\/\/eldiariodesanpedro.com.ar\/sitio\/wp-json\/wp\/v2\/posts\/88886","targetHints":{"allow":["GET"]}}],"collection":[{"href":"https:\/\/eldiariodesanpedro.com.ar\/sitio\/wp-json\/wp\/v2\/posts"}],"about":[{"href":"https:\/\/eldiariodesanpedro.com.ar\/sitio\/wp-json\/wp\/v2\/types\/post"}],"author":[{"embeddable":true,"href":"https:\/\/eldiariodesanpedro.com.ar\/sitio\/wp-json\/wp\/v2\/users\/4"}],"replies":[{"embeddable":true,"href":"https:\/\/eldiariodesanpedro.com.ar\/sitio\/wp-json\/wp\/v2\/comments?post=88886"}],"version-history":[{"count":1,"href":"https:\/\/eldiariodesanpedro.com.ar\/sitio\/wp-json\/wp\/v2\/posts\/88886\/revisions"}],"predecessor-version":[{"id":88888,"href":"https:\/\/eldiariodesanpedro.com.ar\/sitio\/wp-json\/wp\/v2\/posts\/88886\/revisions\/88888"}],"wp:featuredmedia":[{"embeddable":true,"href":"https:\/\/eldiariodesanpedro.com.ar\/sitio\/wp-json\/wp\/v2\/media\/88887"}],"wp:attachment":[{"href":"https:\/\/eldiariodesanpedro.com.ar\/sitio\/wp-json\/wp\/v2\/media?parent=88886"}],"wp:term":[{"taxonomy":"category","embeddable":true,"href":"https:\/\/eldiariodesanpedro.com.ar\/sitio\/wp-json\/wp\/v2\/categories?post=88886"},{"taxonomy":"post_tag","embeddable":true,"href":"https:\/\/eldiariodesanpedro.com.ar\/sitio\/wp-json\/wp\/v2\/tags?post=88886"}],"curies":[{"name":"wp","href":"https:\/\/api.w.org\/{rel}","templated":true}]}}