{"id":88884,"date":"2021-03-09T18:37:08","date_gmt":"2021-03-09T21:37:08","guid":{"rendered":"https:\/\/eldiariodesanpedro.com.ar\/sitio\/?p=88884"},"modified":"2021-03-09T18:37:12","modified_gmt":"2021-03-09T21:37:12","slug":"se-recibieron-44-resultados-de-los-cuales-22-fueron-positivos-los-activos-son-61","status":"publish","type":"post","link":"https:\/\/eldiariodesanpedro.com.ar\/sitio\/se-recibieron-44-resultados-de-los-cuales-22-fueron-positivos-los-activos-son-61\/","title":{"rendered":"Se recibieron 44 resultados de los cuales 22 fueron positivos, los activos son 61"},"content":{"rendered":"<!-- VideographyWP Plugin Message: Automatic video embedding prevented by plugin options. -->\n\n<p>La Secretar\u00eda de Salud de la Municipalidad de San Pedro brinda el informe que acompa\u00f1a la placa del d\u00eda de la fecha, en el seguimiento de la Pandemia de Covid-19.<\/p>\n\n\n\n<p>En el d\u00eda de hoy se recibieron resultados de todas las muestras enviadas hasta el momento con 22 resultados negativos y 22 positivos.<\/p>\n\n\n\n<p>Los positivos est\u00e1n divididos en:<br>Ocho mujeres de 18(2), 22, 29, 35, 42, 59 y 75 a\u00f1os.<br>Catorce hombres de 18(4), 20, 26, 32, 35(4), 53, 62 y 76 a\u00f1os<\/p>\n\n\n\n<p>Se incorporan a la estad\u00edstica oficial 15 altas.<br>Resumen actualizado de informaci\u00f3n oficial<br>Positivos desde el inicio de la Pandemia: 2362<\/p>\n\n\n\n<p>Activos: 61<br>Recuperados: 2221<br>Fallecidos: 80<br>Negativos desde el inicio de la Pandemia: 3573<\/p>\n\n\n\n<p>Los datos consignados en este informe corresponden a ex\u00e1menes realizados por PCR.<\/p>\n\n\n\n<p>&#x1f449; Usar tapabocas.<br>&#x1f449; Mantener la distancia m\u00ednima de 2 metros.<br>&#x1f449; Extremar la higiene de los espacios.<br>&#x1f449; Mantener las manos limpias.<\/p>\n\n\n\n<p>Se recuerda que, ante s\u00edntomas de tos seca, fiebre y dolor de garganta se puede llamar al 148 o 107.<\/p>\n","protected":false},"excerpt":{"rendered":"<p>La Secretar\u00eda de Salud de la Municipalidad de San Pedro brinda el informe que acompa\u00f1a la placa del d\u00eda de la fecha, en el seguimiento de la Pandemia de Covid-19. En el d\u00eda de hoy se recibieron resultados de todas las muestras enviadas hasta el momento con 22 resultados negativos y 22 positivos. Los positivos [&hellip;]<\/p>\n","protected":false},"author":4,"featured_media":78783,"comment_status":"open","ping_status":"closed","sticky":false,"template":"","format":"standard","meta":{"om_disable_all_campaigns":false,"_jetpack_memberships_contains_paid_content":false,"footnotes":""},"categories":[50,101,2],"tags":[],"class_list":["post-88884","post","type-post","status-publish","format-standard","has-post-thumbnail","hentry","category-destacadas","category-interes-general-locales","category-locales"],"aioseo_notices":[],"gutentor_comment":0,"jetpack_featured_media_url":"https:\/\/eldiariodesanpedro.com.ar\/sitio\/wp-content\/uploads\/2020\/08\/coronavirus-positivo-2.jpg","jetpack_shortlink":"https:\/\/wp.me\/p6RhLt-n7C","jetpack_sharing_enabled":true,"_links":{"self":[{"href":"https:\/\/eldiariodesanpedro.com.ar\/sitio\/wp-json\/wp\/v2\/posts\/88884","targetHints":{"allow":["GET"]}}],"collection":[{"href":"https:\/\/eldiariodesanpedro.com.ar\/sitio\/wp-json\/wp\/v2\/posts"}],"about":[{"href":"https:\/\/eldiariodesanpedro.com.ar\/sitio\/wp-json\/wp\/v2\/types\/post"}],"author":[{"embeddable":true,"href":"https:\/\/eldiariodesanpedro.com.ar\/sitio\/wp-json\/wp\/v2\/users\/4"}],"replies":[{"embeddable":true,"href":"https:\/\/eldiariodesanpedro.com.ar\/sitio\/wp-json\/wp\/v2\/comments?post=88884"}],"version-history":[{"count":1,"href":"https:\/\/eldiariodesanpedro.com.ar\/sitio\/wp-json\/wp\/v2\/posts\/88884\/revisions"}],"predecessor-version":[{"id":88885,"href":"https:\/\/eldiariodesanpedro.com.ar\/sitio\/wp-json\/wp\/v2\/posts\/88884\/revisions\/88885"}],"wp:featuredmedia":[{"embeddable":true,"href":"https:\/\/eldiariodesanpedro.com.ar\/sitio\/wp-json\/wp\/v2\/media\/78783"}],"wp:attachment":[{"href":"https:\/\/eldiariodesanpedro.com.ar\/sitio\/wp-json\/wp\/v2\/media?parent=88884"}],"wp:term":[{"taxonomy":"category","embeddable":true,"href":"https:\/\/eldiariodesanpedro.com.ar\/sitio\/wp-json\/wp\/v2\/categories?post=88884"},{"taxonomy":"post_tag","embeddable":true,"href":"https:\/\/eldiariodesanpedro.com.ar\/sitio\/wp-json\/wp\/v2\/tags?post=88884"}],"curies":[{"name":"wp","href":"https:\/\/api.w.org\/{rel}","templated":true}]}}