{"id":88873,"date":"2021-03-09T18:23:46","date_gmt":"2021-03-09T21:23:46","guid":{"rendered":"https:\/\/eldiariodesanpedro.com.ar\/sitio\/?p=88873"},"modified":"2021-03-09T18:23:50","modified_gmt":"2021-03-09T21:23:50","slug":"ultimos-dias-para-inscribirse-en-el-posgrado-de-direccion-estrategica-marketing-e-innovacion-en-ventas","status":"publish","type":"post","link":"https:\/\/eldiariodesanpedro.com.ar\/sitio\/ultimos-dias-para-inscribirse-en-el-posgrado-de-direccion-estrategica-marketing-e-innovacion-en-ventas\/","title":{"rendered":"\u00daltimos d\u00edas para inscribirse en el posgrado de Direcci\u00f3n Estrat\u00e9gica, Marketing e Innovaci\u00f3n en Ventas"},"content":{"rendered":"<!-- VideographyWP Plugin Message: Automatic video embedding prevented by plugin options. -->\n\n<p>Desde el Centro de Comercio Industria y Turismo, su \u00e1rea de Educaci\u00f3n y Gesti\u00f3n de Proyectos, y la Universidad Nacional de Tres de Febrero, recordamos la invitaci\u00f3n a inscribirse en el Curso de Postgrado que dar\u00e1 comienzo&nbsp;<strong>el 23 de marzo.<\/strong><\/p>\n\n\n\n<p>El curso de Direcci\u00f3n Estrat\u00e9gica de Marketing e Innovaci\u00f3n en Ventas ser\u00e1 100% virtual y los socios del CCIT pueden acceder con un 20% de descuento en el arancel.<\/p>\n\n\n\n<p>Para mayor informaci\u00f3n pueden comunicarse al&nbsp;<strong>3329 599000<\/strong>&nbsp;o v\u00eda correo electr\u00f3nico a&nbsp;<a href=\"mailto:cciteducacion@gmail.com\" target=\"_blank\" rel=\"noreferrer noopener\">cciteducacion@gmail.com<\/a><\/p>\n\n\n\n<p><strong>Adem\u00e1s encontrar\u00e1n detalles sobre la propuesta acad\u00e9mica ingresando en:\u00a0<a rel=\"noreferrer noopener\" href=\"https:\/\/bit.ly\/3epUWCW\" target=\"_blank\">https:\/\/bit.ly\/3epUWCW<\/a><\/strong><\/p>\n\n\n\n<figure class=\"wp-block-image size-large\"><img decoding=\"async\" width=\"737\" height=\"1024\" data-attachment-id=\"88882\" data-permalink=\"https:\/\/eldiariodesanpedro.com.ar\/sitio\/ultimos-dias-para-inscribirse-en-el-posgrado-de-direccion-estrategica-marketing-e-innovacion-en-ventas\/flyerccit\/\" data-orig-file=\"https:\/\/eldiariodesanpedro.com.ar\/sitio\/wp-content\/uploads\/2021\/03\/flyerccit.jpg\" data-orig-size=\"921,1280\" data-comments-opened=\"1\" data-image-meta=\"{&quot;aperture&quot;:&quot;0&quot;,&quot;credit&quot;:&quot;&quot;,&quot;camera&quot;:&quot;&quot;,&quot;caption&quot;:&quot;&quot;,&quot;created_timestamp&quot;:&quot;0&quot;,&quot;copyright&quot;:&quot;&quot;,&quot;focal_length&quot;:&quot;0&quot;,&quot;iso&quot;:&quot;0&quot;,&quot;shutter_speed&quot;:&quot;0&quot;,&quot;title&quot;:&quot;&quot;,&quot;orientation&quot;:&quot;0&quot;}\" data-image-title=\"flyerccit\" data-image-description=\"\" data-image-caption=\"\" data-large-file=\"https:\/\/eldiariodesanpedro.com.ar\/sitio\/wp-content\/uploads\/2021\/03\/flyerccit-737x1024.jpg\" data-src=\"https:\/\/eldiariodesanpedro.com.ar\/sitio\/wp-content\/uploads\/2021\/03\/flyerccit-737x1024.jpg\" alt=\"\" class=\"wp-image-88882 lazyload\" data-srcset=\"https:\/\/eldiariodesanpedro.com.ar\/sitio\/wp-content\/uploads\/2021\/03\/flyerccit-737x1024.jpg 737w, https:\/\/eldiariodesanpedro.com.ar\/sitio\/wp-content\/uploads\/2021\/03\/flyerccit-216x300.jpg 216w, https:\/\/eldiariodesanpedro.com.ar\/sitio\/wp-content\/uploads\/2021\/03\/flyerccit-768x1067.jpg 768w, https:\/\/eldiariodesanpedro.com.ar\/sitio\/wp-content\/uploads\/2021\/03\/flyerccit.jpg 921w\" data-sizes=\"(max-width: 737px) 100vw, 737px\" src=\"data:image\/svg+xml;base64,PHN2ZyB3aWR0aD0iMSIgaGVpZ2h0PSIxIiB4bWxucz0iaHR0cDovL3d3dy53My5vcmcvMjAwMC9zdmciPjwvc3ZnPg==\" style=\"--smush-placeholder-width: 737px; --smush-placeholder-aspect-ratio: 737\/1024;\" \/><\/figure>\n","protected":false},"excerpt":{"rendered":"<p>Desde el Centro de Comercio Industria y Turismo, su \u00e1rea de Educaci\u00f3n y Gesti\u00f3n de Proyectos, y la Universidad Nacional de Tres de Febrero, recordamos la invitaci\u00f3n a inscribirse en el Curso de Postgrado que dar\u00e1 comienzo&nbsp;el 23 de marzo. El curso de Direcci\u00f3n Estrat\u00e9gica de Marketing e Innovaci\u00f3n en Ventas ser\u00e1 100% virtual y [&hellip;]<\/p>\n","protected":false},"author":4,"featured_media":88881,"comment_status":"open","ping_status":"closed","sticky":false,"template":"","format":"standard","meta":{"om_disable_all_campaigns":false,"_jetpack_memberships_contains_paid_content":false,"footnotes":""},"categories":[101,2],"tags":[],"class_list":["post-88873","post","type-post","status-publish","format-standard","has-post-thumbnail","hentry","category-interes-general-locales","category-locales"],"aioseo_notices":[],"gutentor_comment":0,"jetpack_featured_media_url":"https:\/\/eldiariodesanpedro.com.ar\/sitio\/wp-content\/uploads\/2021\/03\/flyerccit-copia.jpg","jetpack_shortlink":"https:\/\/wp.me\/p6RhLt-n7r","jetpack_sharing_enabled":true,"_links":{"self":[{"href":"https:\/\/eldiariodesanpedro.com.ar\/sitio\/wp-json\/wp\/v2\/posts\/88873","targetHints":{"allow":["GET"]}}],"collection":[{"href":"https:\/\/eldiariodesanpedro.com.ar\/sitio\/wp-json\/wp\/v2\/posts"}],"about":[{"href":"https:\/\/eldiariodesanpedro.com.ar\/sitio\/wp-json\/wp\/v2\/types\/post"}],"author":[{"embeddable":true,"href":"https:\/\/eldiariodesanpedro.com.ar\/sitio\/wp-json\/wp\/v2\/users\/4"}],"replies":[{"embeddable":true,"href":"https:\/\/eldiariodesanpedro.com.ar\/sitio\/wp-json\/wp\/v2\/comments?post=88873"}],"version-history":[{"count":1,"href":"https:\/\/eldiariodesanpedro.com.ar\/sitio\/wp-json\/wp\/v2\/posts\/88873\/revisions"}],"predecessor-version":[{"id":88883,"href":"https:\/\/eldiariodesanpedro.com.ar\/sitio\/wp-json\/wp\/v2\/posts\/88873\/revisions\/88883"}],"wp:featuredmedia":[{"embeddable":true,"href":"https:\/\/eldiariodesanpedro.com.ar\/sitio\/wp-json\/wp\/v2\/media\/88881"}],"wp:attachment":[{"href":"https:\/\/eldiariodesanpedro.com.ar\/sitio\/wp-json\/wp\/v2\/media?parent=88873"}],"wp:term":[{"taxonomy":"category","embeddable":true,"href":"https:\/\/eldiariodesanpedro.com.ar\/sitio\/wp-json\/wp\/v2\/categories?post=88873"},{"taxonomy":"post_tag","embeddable":true,"href":"https:\/\/eldiariodesanpedro.com.ar\/sitio\/wp-json\/wp\/v2\/tags?post=88873"}],"curies":[{"name":"wp","href":"https:\/\/api.w.org\/{rel}","templated":true}]}}