{"id":88870,"date":"2021-03-09T13:17:11","date_gmt":"2021-03-09T16:17:11","guid":{"rendered":"https:\/\/eldiariodesanpedro.com.ar\/sitio\/?p=88870"},"modified":"2021-03-09T13:17:16","modified_gmt":"2021-03-09T16:17:16","slug":"el-dr-carlos-gutierrez-asume-como-nuevo-director-del-hospital-de-santa-lucia","status":"publish","type":"post","link":"https:\/\/eldiariodesanpedro.com.ar\/sitio\/el-dr-carlos-gutierrez-asume-como-nuevo-director-del-hospital-de-santa-lucia\/","title":{"rendered":"El Dr. Carlos Guti\u00e9rrez asume como nuevo director del Hospital de Santa Luc\u00eda"},"content":{"rendered":"<!-- VideographyWP Plugin Message: Automatic video embedding prevented by plugin options. -->\n\n<p>La Secretar\u00eda de Salud de la Municipalidad de San Pedro informa que ma\u00f1ana mi\u00e9rcoles 10 a las 9, asumir\u00e1 formalmente como nuevo director del Hospital de Santa Luc\u00eda, el Dr. Carlos Guti\u00e9rrez.<\/p>\n\n\n\n<p>Se realizara una breve ceremonia que contar\u00e1 con la presencia de autoridades de la delegaci\u00f3n y el gobierno municipal.<\/p>\n","protected":false},"excerpt":{"rendered":"<p>La Secretar\u00eda de Salud de la Municipalidad de San Pedro informa que ma\u00f1ana mi\u00e9rcoles 10 a las 9, asumir\u00e1 formalmente como nuevo director del Hospital de Santa Luc\u00eda, el Dr. Carlos Guti\u00e9rrez. Se realizara una breve ceremonia que contar\u00e1 con la presencia de autoridades de la delegaci\u00f3n y el gobierno municipal.<\/p>\n","protected":false},"author":4,"featured_media":88871,"comment_status":"open","ping_status":"closed","sticky":false,"template":"","format":"standard","meta":{"om_disable_all_campaigns":false,"_jetpack_memberships_contains_paid_content":false,"footnotes":""},"categories":[50,101,2],"tags":[],"class_list":["post-88870","post","type-post","status-publish","format-standard","has-post-thumbnail","hentry","category-destacadas","category-interes-general-locales","category-locales"],"aioseo_notices":[],"gutentor_comment":0,"jetpack_featured_media_url":"https:\/\/eldiariodesanpedro.com.ar\/sitio\/wp-content\/uploads\/2021\/03\/Santa-Lucia-acceso.jpg","jetpack_shortlink":"https:\/\/wp.me\/p6RhLt-n7o","jetpack_sharing_enabled":true,"_links":{"self":[{"href":"https:\/\/eldiariodesanpedro.com.ar\/sitio\/wp-json\/wp\/v2\/posts\/88870","targetHints":{"allow":["GET"]}}],"collection":[{"href":"https:\/\/eldiariodesanpedro.com.ar\/sitio\/wp-json\/wp\/v2\/posts"}],"about":[{"href":"https:\/\/eldiariodesanpedro.com.ar\/sitio\/wp-json\/wp\/v2\/types\/post"}],"author":[{"embeddable":true,"href":"https:\/\/eldiariodesanpedro.com.ar\/sitio\/wp-json\/wp\/v2\/users\/4"}],"replies":[{"embeddable":true,"href":"https:\/\/eldiariodesanpedro.com.ar\/sitio\/wp-json\/wp\/v2\/comments?post=88870"}],"version-history":[{"count":1,"href":"https:\/\/eldiariodesanpedro.com.ar\/sitio\/wp-json\/wp\/v2\/posts\/88870\/revisions"}],"predecessor-version":[{"id":88872,"href":"https:\/\/eldiariodesanpedro.com.ar\/sitio\/wp-json\/wp\/v2\/posts\/88870\/revisions\/88872"}],"wp:featuredmedia":[{"embeddable":true,"href":"https:\/\/eldiariodesanpedro.com.ar\/sitio\/wp-json\/wp\/v2\/media\/88871"}],"wp:attachment":[{"href":"https:\/\/eldiariodesanpedro.com.ar\/sitio\/wp-json\/wp\/v2\/media?parent=88870"}],"wp:term":[{"taxonomy":"category","embeddable":true,"href":"https:\/\/eldiariodesanpedro.com.ar\/sitio\/wp-json\/wp\/v2\/categories?post=88870"},{"taxonomy":"post_tag","embeddable":true,"href":"https:\/\/eldiariodesanpedro.com.ar\/sitio\/wp-json\/wp\/v2\/tags?post=88870"}],"curies":[{"name":"wp","href":"https:\/\/api.w.org\/{rel}","templated":true}]}}